{"id":14141,"date":"2025-03-17T04:51:14","date_gmt":"2025-03-17T04:51:14","guid":{"rendered":"https:\/\/alminutonoticia.com\/noticias\/?p=14141"},"modified":"2025-03-17T04:51:17","modified_gmt":"2025-03-17T04:51:17","slug":"explosion-en-planta-termoelectrica-dejo-al-pais-sin-electricidad-por-varias-horas","status":"publish","type":"post","link":"https:\/\/alminutonoticia.com\/noticias\/explosion-en-planta-termoelectrica-dejo-al-pais-sin-electricidad-por-varias-horas\/","title":{"rendered":"Explosi\u00f3n en planta termoel\u00e9ctrica dej\u00f3 al pa\u00eds sin electricidad por varias horas"},"content":{"rendered":"\n<p>La noche del s\u00e1bado 15 de marzo, Panam\u00e1 enfrent\u00f3 un apag\u00f3n total a nivel nacional, luego de que un transformador de la planta termoel\u00e9ctrica Pan-Am, ubicada en La Chorrera, sufriera una explosi\u00f3n seguida de un incendio. La falla se registr\u00f3 a las 11:28 p.m., provocando la interrupci\u00f3n del suministro el\u00e9ctrico en todo el pa\u00eds a las 11:40 p.m., seg\u00fan confirm\u00f3 la Autoridad Nacional de los Servicios P\u00fablicos (ASEP).<\/p>\n\n\n\n<p>Los bomberos acudieron al lugar y lograron controlar la situaci\u00f3n sin que se reportaran v\u00edctimas ni personas heridas. Seis trabajadores que se encontraban en la instalaci\u00f3n en el momento del incidente lograron salir ilesos. Mientras tanto, las autoridades comenzaron las investigaciones para determinar las causas exactas del suceso, inform\u00f3 la directora de la ASEP, Zelmar Rodr\u00edguez Crespo.<\/p>\n\n\n\n<p>La Empresa de Transmisi\u00f3n El\u00e9ctrica S.A. (ETESA) detall\u00f3 que, a partir de la madrugada, el sistema el\u00e9ctrico empez\u00f3 a restablecerse de forma gradual. Aproximadamente dos horas despu\u00e9s del incidente, se hab\u00eda recuperado un 70% de la red el\u00e9ctrica y a las 6:08 a.m. del domingo se declar\u00f3 \u00abc\u00f3digo blanco\u00bb, indicando la restauraci\u00f3n total del servicio.<\/p>\n\n\n\n<p>El presidente de la Rep\u00fablica, Jos\u00e9 Ra\u00fal Mulino, utiliz\u00f3 sus redes sociales para mantener informada a la poblaci\u00f3n, pidiendo calma mientras se restablec\u00eda la electricidad. Paralelamente, la planta potabilizadora de Chilibre reactiv\u00f3 sus operaciones tras haber detenido su producci\u00f3n de agua debido al apag\u00f3n, aunque en algunos sectores altos y distantes el servicio de agua potable tomar\u00e1 m\u00e1s tiempo en normalizarse.<\/p>\n\n\n\n<p>El director de ETESA, Roy Morales, visit\u00f3 este domingo en la ma\u00f1ana las instalaciones de la planta termoel\u00e9ctrica Pan-Am junto con la directora de la ASEP, para iniciar el an\u00e1lisis t\u00e9cnico del incidente. Morales asegur\u00f3 que el sistema el\u00e9ctrico de la planta ha sido aislado y que se revisar\u00e1n los mecanismos de protecci\u00f3n para determinar el origen de la falla. Aclar\u00f3, adem\u00e1s, que el Sistema Interconectado Nacional no sufri\u00f3 da\u00f1os estructurales.<\/p>\n\n\n\n<p>Este lunes iniciar\u00e1n formalmente las investigaciones para esclarecer los factores que provocaron la explosi\u00f3n y evaluar medidas preventivas para evitar futuras interrupciones del suministro el\u00e9ctrico a gran escala.<\/p>\n\n\n\n<figure class=\"wp-block-image size-full\"><a href=\"https:\/\/alminutonoticia.com\/noticias\/wp-content\/uploads\/2025\/03\/chorerrin-770x462-1.jpg\"><img fetchpriority=\"high\" decoding=\"async\" width=\"770\" height=\"462\" src=\"https:\/\/alminutonoticia.com\/noticias\/wp-content\/uploads\/2025\/03\/chorerrin-770x462-1.jpg\" alt=\"\" class=\"wp-image-14142\" title=\"\" srcset=\"https:\/\/alminutonoticia.com\/noticias\/wp-content\/uploads\/2025\/03\/chorerrin-770x462-1.jpg 770w, https:\/\/alminutonoticia.com\/noticias\/wp-content\/uploads\/2025\/03\/chorerrin-770x462-1-300x180.jpg 300w, https:\/\/alminutonoticia.com\/noticias\/wp-content\/uploads\/2025\/03\/chorerrin-770x462-1-768x461.jpg 768w\" sizes=\"(max-width: 770px) 100vw, 770px\" \/><\/a><\/figure>\n","protected":false},"excerpt":{"rendered":"<p>La noche del s\u00e1bado 15 de marzo, Panam\u00e1 enfrent\u00f3 un apag\u00f3n total a nivel nacional, luego de que un transformador de la planta termoel\u00e9ctrica Pan-Am, ubicada en La Chorrera, sufriera una explosi\u00f3n seguida de un incendio. La falla se registr\u00f3 a las 11:28 p.m., provocando la interrupci\u00f3n del suministro el\u00e9ctrico en todo el pa\u00eds a [&hellip;]<\/p>\n","protected":false},"author":3,"featured_media":14142,"comment_status":"open","ping_status":"open","sticky":false,"template":"","format":"standard","meta":{"footnotes":""},"categories":[36],"tags":[],"class_list":["post-14141","post","type-post","status-publish","format-standard","has-post-thumbnail","hentry","category-nacionales"],"_links":{"self":[{"href":"https:\/\/alminutonoticia.com\/noticias\/wp-json\/wp\/v2\/posts\/14141","targetHints":{"allow":["GET"]}}],"collection":[{"href":"https:\/\/alminutonoticia.com\/noticias\/wp-json\/wp\/v2\/posts"}],"about":[{"href":"https:\/\/alminutonoticia.com\/noticias\/wp-json\/wp\/v2\/types\/post"}],"author":[{"embeddable":true,"href":"https:\/\/alminutonoticia.com\/noticias\/wp-json\/wp\/v2\/users\/3"}],"replies":[{"embeddable":true,"href":"https:\/\/alminutonoticia.com\/noticias\/wp-json\/wp\/v2\/comments?post=14141"}],"version-history":[{"count":1,"href":"https:\/\/alminutonoticia.com\/noticias\/wp-json\/wp\/v2\/posts\/14141\/revisions"}],"predecessor-version":[{"id":14143,"href":"https:\/\/alminutonoticia.com\/noticias\/wp-json\/wp\/v2\/posts\/14141\/revisions\/14143"}],"wp:featuredmedia":[{"embeddable":true,"href":"https:\/\/alminutonoticia.com\/noticias\/wp-json\/wp\/v2\/media\/14142"}],"wp:attachment":[{"href":"https:\/\/alminutonoticia.com\/noticias\/wp-json\/wp\/v2\/media?parent=14141"}],"wp:term":[{"taxonomy":"category","embeddable":true,"href":"https:\/\/alminutonoticia.com\/noticias\/wp-json\/wp\/v2\/categories?post=14141"},{"taxonomy":"post_tag","embeddable":true,"href":"https:\/\/alminutonoticia.com\/noticias\/wp-json\/wp\/v2\/tags?post=14141"}],"curies":[{"name":"wp","href":"https:\/\/api.w.org\/{rel}","templated":true}]}}