{"id":14134,"date":"2025-03-17T04:47:21","date_gmt":"2025-03-17T04:47:21","guid":{"rendered":"https:\/\/alminutonoticia.com\/noticias\/?p=14134"},"modified":"2025-03-17T04:47:23","modified_gmt":"2025-03-17T04:47:23","slug":"first-quantum-anuncia-intencion-de-suspender-arbitrajes-tras-autorizacion-del-gobierno-para-exportar-cobre","status":"publish","type":"post","link":"https:\/\/alminutonoticia.com\/noticias\/first-quantum-anuncia-intencion-de-suspender-arbitrajes-tras-autorizacion-del-gobierno-para-exportar-cobre\/","title":{"rendered":"First Quantum anuncia intenci\u00f3n de suspender arbitrajes tras autorizaci\u00f3n del gobierno para exportar cobre"},"content":{"rendered":"\n<p>La empresa minera<strong>&nbsp;Cobre Panam\u00e1, subsidiaria de First Quantum Minerals Ltd.,<\/strong>&nbsp;anunci\u00f3 este viernes, que ha instruido a su equipo legal para reunirse con representantes del gobierno paname\u00f1o con el objetivo de suspender los arbitrajes internacionales en curso. La decisi\u00f3n llega despu\u00e9s de que el presidente Jos\u00e9 Ra\u00fal Mulino autorizara la reactivaci\u00f3n de la planta de generaci\u00f3n el\u00e9ctrica de la mina y la exportaci\u00f3n del concentrado de cobre.<\/p>\n\n\n\n<p>En un comunicado, Manuel V. Aizpur\u00faa, gerente pa\u00eds de Cobre Panam\u00e1, indic\u00f3 que la empresa busca avanzar en un \u201cproceso transparente y constructivo\u201d que permita encontrar una soluci\u00f3n en beneficio de los trabajadores, comunidades y proveedores, adem\u00e1s de garantizar estabilidad para el pa\u00eds. La compa\u00f1\u00eda ha mantenido disputas legales con el Estado paname\u00f1o luego de que la Corte Suprema de Justicia declarara inconstitucional el contrato de concesi\u00f3n en noviembre de 2023, lo que llev\u00f3 al cese de operaciones y a la presentaci\u00f3n de demandas internacionales por parte de<strong>&nbsp;First Quantum.<\/strong><\/p>\n\n\n\n<p>El eventual retiro de los arbitrajes representar\u00eda un giro en la disputa entre la empresa y el gobierno, aunque&nbsp;<strong>a\u00fan no se han revelado los t\u00e9rminos espec\u00edficos de esta posible negociaci\u00f3n<\/strong>. Los arbitrajes incluyen reclamos millonarios bajo tratados de protecci\u00f3n de inversiones, con implicaciones para las finanzas p\u00fablicas y la seguridad jur\u00eddica del pa\u00eds.<\/p>\n\n\n\n<p>Mientras avanza este acercamiento, persisten cuestionamientos sobre el impacto ambiental y la sostenibilidad del proyecto minero.<strong>&nbsp;Organizaciones civiles y ambientalistas han expresado su rechazo a la reactivaci\u00f3n parcial de la mina&nbsp;<\/strong>y exigen una resoluci\u00f3n definitiva que priorice los intereses nacionales.<\/p>\n\n\n\n<p>El gobierno no ha detallado c\u00f3mo planea abordar las demandas de First Quantum ni bajo qu\u00e9 condiciones se gestionar\u00e1 la reactivaci\u00f3n de las exportaciones. La expectativa ahora recae en las negociaciones que definir\u00e1n si la suspensi\u00f3n de los arbitrajes abre la puerta a un nuevo acuerdo o si representa solo una pausa en la disputa legal entre Panam\u00e1 y la minera canadiense.<\/p>\n\n\n\n<figure class=\"wp-block-image size-full\"><a href=\"https:\/\/alminutonoticia.com\/noticias\/wp-content\/uploads\/2025\/03\/minas-770x470-1.jpg\"><img fetchpriority=\"high\" decoding=\"async\" width=\"770\" height=\"470\" src=\"https:\/\/alminutonoticia.com\/noticias\/wp-content\/uploads\/2025\/03\/minas-770x470-1.jpg\" alt=\"\" class=\"wp-image-14135\" title=\"\" srcset=\"https:\/\/alminutonoticia.com\/noticias\/wp-content\/uploads\/2025\/03\/minas-770x470-1.jpg 770w, https:\/\/alminutonoticia.com\/noticias\/wp-content\/uploads\/2025\/03\/minas-770x470-1-300x183.jpg 300w, https:\/\/alminutonoticia.com\/noticias\/wp-content\/uploads\/2025\/03\/minas-770x470-1-768x469.jpg 768w\" sizes=\"(max-width: 770px) 100vw, 770px\" \/><\/a><\/figure>\n","protected":false},"excerpt":{"rendered":"<p>La empresa minera&nbsp;Cobre Panam\u00e1, subsidiaria de First Quantum Minerals Ltd.,&nbsp;anunci\u00f3 este viernes, que ha instruido a su equipo legal para reunirse con representantes del gobierno paname\u00f1o con el objetivo de suspender los arbitrajes internacionales en curso. La decisi\u00f3n llega despu\u00e9s de que el presidente Jos\u00e9 Ra\u00fal Mulino autorizara la reactivaci\u00f3n de la planta de generaci\u00f3n [&hellip;]<\/p>\n","protected":false},"author":3,"featured_media":14135,"comment_status":"open","ping_status":"open","sticky":false,"template":"","format":"standard","meta":{"footnotes":""},"categories":[36],"tags":[],"class_list":["post-14134","post","type-post","status-publish","format-standard","has-post-thumbnail","hentry","category-nacionales"],"_links":{"self":[{"href":"https:\/\/alminutonoticia.com\/noticias\/wp-json\/wp\/v2\/posts\/14134","targetHints":{"allow":["GET"]}}],"collection":[{"href":"https:\/\/alminutonoticia.com\/noticias\/wp-json\/wp\/v2\/posts"}],"about":[{"href":"https:\/\/alminutonoticia.com\/noticias\/wp-json\/wp\/v2\/types\/post"}],"author":[{"embeddable":true,"href":"https:\/\/alminutonoticia.com\/noticias\/wp-json\/wp\/v2\/users\/3"}],"replies":[{"embeddable":true,"href":"https:\/\/alminutonoticia.com\/noticias\/wp-json\/wp\/v2\/comments?post=14134"}],"version-history":[{"count":1,"href":"https:\/\/alminutonoticia.com\/noticias\/wp-json\/wp\/v2\/posts\/14134\/revisions"}],"predecessor-version":[{"id":14136,"href":"https:\/\/alminutonoticia.com\/noticias\/wp-json\/wp\/v2\/posts\/14134\/revisions\/14136"}],"wp:featuredmedia":[{"embeddable":true,"href":"https:\/\/alminutonoticia.com\/noticias\/wp-json\/wp\/v2\/media\/14135"}],"wp:attachment":[{"href":"https:\/\/alminutonoticia.com\/noticias\/wp-json\/wp\/v2\/media?parent=14134"}],"wp:term":[{"taxonomy":"category","embeddable":true,"href":"https:\/\/alminutonoticia.com\/noticias\/wp-json\/wp\/v2\/categories?post=14134"},{"taxonomy":"post_tag","embeddable":true,"href":"https:\/\/alminutonoticia.com\/noticias\/wp-json\/wp\/v2\/tags?post=14134"}],"curies":[{"name":"wp","href":"https:\/\/api.w.org\/{rel}","templated":true}]}}