{"id":14124,"date":"2025-03-17T04:39:44","date_gmt":"2025-03-17T04:39:44","guid":{"rendered":"https:\/\/alminutonoticia.com\/noticias\/?p=14124"},"modified":"2025-03-17T04:39:47","modified_gmt":"2025-03-17T04:39:47","slug":"consejo-general-universitario-de-la-up-rechaza-proyecto-de-ley-83-por-inconstitucional","status":"publish","type":"post","link":"https:\/\/alminutonoticia.com\/noticias\/consejo-general-universitario-de-la-up-rechaza-proyecto-de-ley-83-por-inconstitucional\/","title":{"rendered":"Consejo General Universitario de la UP rechaza proyecto de ley 83 por inconstitucional"},"content":{"rendered":"\n<p>El Consejo&nbsp;<strong>General Universitario (CGU)&nbsp;<\/strong>de la Universidad de Panam\u00e1 aprob\u00f3 el rechazo todo intento de modificaci\u00f3n a la Ley Org\u00e1nica de la primera casa de estudios superiores que no sea por el mecanismo de una amplia discusi\u00f3n entre los estamentos universitarios.&nbsp;<\/p>\n\n\n\n<p>La decisi\u00f3n del m\u00e1ximo \u00f3rgano de gobierno de la<strong>&nbsp;Casa de M\u00e9ndez Pereira<\/strong>&nbsp;se toma en el contexto de la discusi\u00f3n del proyecto de ley 83 en la Comisi\u00f3n de Educaci\u00f3n, Cultura y Deportes de la Asamblea Nacional. Dicho proyecto, presentado por el diputado Ernesto Cede\u00f1o, busca establecer el principio de la no reelecci\u00f3n inmediata para el cargo de rector en las universidades oficiales del pa\u00eds, sin la participaci\u00f3n de la comunidad universitaria.<\/p>\n\n\n\n<p>A trav\u00e9s de un pronunciamiento del&nbsp;<strong>CGU,&nbsp;<\/strong>se considera que el intento \u201cespurio\u201d de modificaciones de la ley universitaria, en flagrante violaci\u00f3n de la Constituci\u00f3n de la Rep\u00fablica, debe ser rechazado por inoportuno, inconstitucional y ominoso.<\/p>\n\n\n\n<p>\u201cPretender que un proyecto de Ley, redactado absolutamente a espaldas de la comunidad universitaria, modifique nuestra Ley org\u00e1nica, constituye una amenaza existencial a la naturaleza, principio y fines de la Universidad de Panam\u00e1. Este proyecto de ley, desarrollado en contra lo estipulado en la propia ley org\u00e1nica, es adem\u00e1s una violaci\u00f3n al&nbsp;<strong>Estado de Derecho,&nbsp;<\/strong>que a trav\u00e9s de nuestra carta magna y nuestra Ley org\u00e1nica establece un procedimiento que salvaguarda la autonom\u00eda universitaria como uno de los principios del r\u00e9gimen jur\u00eddico y democr\u00e1tico paname\u00f1o\u201d, consideran las m\u00e1ximas autoridades universitarias.<\/p>\n\n\n\n<p>Seg\u00fan la a&nbsp;<strong>Ley 24 de 2005<\/strong>, org\u00e1nica de la&nbsp;<strong>Universidad de Panam\u00e1<\/strong>, en el numeral 3 del art\u00edculo 13, el Consejo General Universitario tiene ente sus funciones el \u201celaborar y someter a la comunidad universitaria, mediante refer\u00e9ndum, el anteproyecto de Ley org\u00e1nica de la Universidad de Panam\u00e1 y, una vez aprobado por \u00e9sta, presentarlo a las instancias correspondientes\u201d.<\/p>\n\n\n\n<p>Cabe se\u00f1alar que el&nbsp;<strong>CGU es una entidad<\/strong>, con car\u00e1cter colegiado, responsable de dictar reglamentos, aprobar pol\u00edticas y velar por el buen funcionamiento de la instituci\u00f3n, seg\u00fan la Ley Org\u00e1nica de la Universidad de Panam\u00e1.<\/p>\n\n\n\n<p>De igual manera el CGU destaca que las universidades p\u00fablicas de Ia&nbsp;<strong>Rep\u00fablica de Panam\u00e1<\/strong>, y en especial la Universidad de Panam\u00e1, tienen una reconocida autonom\u00eda de naturaleza constitucional, es decir, proviene del poder constituyente, seg\u00fan el art\u00edculo 103 de la Constituci\u00f3n Pol\u00edtica del pa\u00eds.<\/p>\n\n\n\n<p>Los miembros de la&nbsp;<strong>Comisi\u00f3n de Educaci\u00f3n, Cultura y Deportes<\/strong>&nbsp;nombraron una subcomisi\u00f3n para un amplio an\u00e1lisis al proyecto de ley 83.<\/p>\n\n\n\n<p>Anteriormente, el rector de la Universidad de Panam\u00e1,&nbsp;<strong>Dr. Eduardo Flores Castro,<\/strong>&nbsp;advirti\u00f3 que esta norma propuesta lesiona el principio de autonom\u00eda universitaria, que garantiza a la instituci\u00f3n su auto reglamentaci\u00f3n.<\/p>\n\n\n\n<p>Asimismo, Flores Castro, quien&nbsp;<strong>reiter\u00f3 categ\u00f3ricamente que no busca ninguna reelecci\u00f3n&nbsp;<\/strong>a la rector\u00eda de la primera casa de estudios superiores, sustent\u00f3 que en la regi\u00f3n existen ejemplos de universidades hispanoparlantes de gran prestigio en donde establecen de forma clara y directa la posibilidad de una reelecci\u00f3n inmediata.<\/p>\n\n\n\n<figure class=\"wp-block-image size-full\"><a href=\"https:\/\/alminutonoticia.com\/noticias\/wp-content\/uploads\/2025\/03\/consejos-770x425-1.jpg\"><img fetchpriority=\"high\" decoding=\"async\" width=\"770\" height=\"425\" src=\"https:\/\/alminutonoticia.com\/noticias\/wp-content\/uploads\/2025\/03\/consejos-770x425-1.jpg\" alt=\"\" class=\"wp-image-14125\" title=\"\" srcset=\"https:\/\/alminutonoticia.com\/noticias\/wp-content\/uploads\/2025\/03\/consejos-770x425-1.jpg 770w, https:\/\/alminutonoticia.com\/noticias\/wp-content\/uploads\/2025\/03\/consejos-770x425-1-300x166.jpg 300w, https:\/\/alminutonoticia.com\/noticias\/wp-content\/uploads\/2025\/03\/consejos-770x425-1-768x424.jpg 768w\" sizes=\"(max-width: 770px) 100vw, 770px\" \/><\/a><\/figure>\n","protected":false},"excerpt":{"rendered":"<p>El Consejo&nbsp;General Universitario (CGU)&nbsp;de la Universidad de Panam\u00e1 aprob\u00f3 el rechazo todo intento de modificaci\u00f3n a la Ley Org\u00e1nica de la primera casa de estudios superiores que no sea por el mecanismo de una amplia discusi\u00f3n entre los estamentos universitarios.&nbsp; La decisi\u00f3n del m\u00e1ximo \u00f3rgano de gobierno de la&nbsp;Casa de M\u00e9ndez Pereira&nbsp;se toma en el [&hellip;]<\/p>\n","protected":false},"author":3,"featured_media":14125,"comment_status":"open","ping_status":"open","sticky":false,"template":"","format":"standard","meta":{"footnotes":""},"categories":[36],"tags":[],"class_list":["post-14124","post","type-post","status-publish","format-standard","has-post-thumbnail","hentry","category-nacionales"],"_links":{"self":[{"href":"https:\/\/alminutonoticia.com\/noticias\/wp-json\/wp\/v2\/posts\/14124","targetHints":{"allow":["GET"]}}],"collection":[{"href":"https:\/\/alminutonoticia.com\/noticias\/wp-json\/wp\/v2\/posts"}],"about":[{"href":"https:\/\/alminutonoticia.com\/noticias\/wp-json\/wp\/v2\/types\/post"}],"author":[{"embeddable":true,"href":"https:\/\/alminutonoticia.com\/noticias\/wp-json\/wp\/v2\/users\/3"}],"replies":[{"embeddable":true,"href":"https:\/\/alminutonoticia.com\/noticias\/wp-json\/wp\/v2\/comments?post=14124"}],"version-history":[{"count":1,"href":"https:\/\/alminutonoticia.com\/noticias\/wp-json\/wp\/v2\/posts\/14124\/revisions"}],"predecessor-version":[{"id":14126,"href":"https:\/\/alminutonoticia.com\/noticias\/wp-json\/wp\/v2\/posts\/14124\/revisions\/14126"}],"wp:featuredmedia":[{"embeddable":true,"href":"https:\/\/alminutonoticia.com\/noticias\/wp-json\/wp\/v2\/media\/14125"}],"wp:attachment":[{"href":"https:\/\/alminutonoticia.com\/noticias\/wp-json\/wp\/v2\/media?parent=14124"}],"wp:term":[{"taxonomy":"category","embeddable":true,"href":"https:\/\/alminutonoticia.com\/noticias\/wp-json\/wp\/v2\/categories?post=14124"},{"taxonomy":"post_tag","embeddable":true,"href":"https:\/\/alminutonoticia.com\/noticias\/wp-json\/wp\/v2\/tags?post=14124"}],"curies":[{"name":"wp","href":"https:\/\/api.w.org\/{rel}","templated":true}]}}