{"id":14120,"date":"2025-03-17T04:38:10","date_gmt":"2025-03-17T04:38:10","guid":{"rendered":"https:\/\/alminutonoticia.com\/noticias\/?p=14120"},"modified":"2025-03-17T04:38:12","modified_gmt":"2025-03-17T04:38:12","slug":"canciller-martinez-acha-habla-sobre-la-presencia-militar-estadounidense-en-panama","status":"publish","type":"post","link":"https:\/\/alminutonoticia.com\/noticias\/canciller-martinez-acha-habla-sobre-la-presencia-militar-estadounidense-en-panama\/","title":{"rendered":"Canciller Mart\u00ednez-Acha habla sobre la presencia militar estadounidense en Panam\u00e1"},"content":{"rendered":"\n<p>El canciller de Panam\u00e1, Javier Mart\u00ednez-Acha, envi\u00f3 un mensaje contundente sobre la soberan\u00eda del pa\u00eds y el control del Canal de Panam\u00e1, luego de que la cadena NBC News informara que la Casa Blanca estar\u00eda evaluando la posibilidad de aumentar la presencia militar estadounidense en el istmo para garantizar el acceso a la v\u00eda interoce\u00e1nica.<\/p>\n\n\n\n<p>\u00abQue quede claro que el Canal es de los paname\u00f1os y seguir\u00e1 siendo de los paname\u00f1os. Es operado por los paname\u00f1os, y en caso de amenaza, los \u00fanicos que pueden convocar a otras naciones a defender su operatividad es nuestro pa\u00eds, es el presidente de la Rep\u00fablica\u00bb, afirm\u00f3 el canciller este jueves 12 de marzo ante los medios de comunicaci\u00f3n.<\/p>\n\n\n\n<p>Mart\u00ednez-Acha agreg\u00f3: \u00abNosotros tenemos claro cu\u00e1l es nuestra misi\u00f3n. Siempre hemos mantenido buena comunicaci\u00f3n y cooperaci\u00f3n con distintos estamentos del gobierno de Estados Unidos\u00bb.<\/p>\n\n\n\n<p>Adem\u00e1s, el canciller envi\u00f3 un mensaje de tranquilidad a la poblaci\u00f3n paname\u00f1a: \u00abQue el pueblo paname\u00f1o est\u00e9 tranquilo, que no hay ninguna amenaza\u00bb.<\/p>\n\n\n\n<figure class=\"wp-block-image size-full\"><a href=\"https:\/\/alminutonoticia.com\/noticias\/wp-content\/uploads\/2025\/03\/achita.jpeg\"><img fetchpriority=\"high\" decoding=\"async\" width=\"770\" height=\"462\" src=\"https:\/\/alminutonoticia.com\/noticias\/wp-content\/uploads\/2025\/03\/achita.jpeg\" alt=\"\" class=\"wp-image-14121\" title=\"\" srcset=\"https:\/\/alminutonoticia.com\/noticias\/wp-content\/uploads\/2025\/03\/achita.jpeg 770w, https:\/\/alminutonoticia.com\/noticias\/wp-content\/uploads\/2025\/03\/achita-300x180.jpeg 300w, https:\/\/alminutonoticia.com\/noticias\/wp-content\/uploads\/2025\/03\/achita-768x461.jpeg 768w\" sizes=\"(max-width: 770px) 100vw, 770px\" \/><\/a><\/figure>\n","protected":false},"excerpt":{"rendered":"<p>El canciller de Panam\u00e1, Javier Mart\u00ednez-Acha, envi\u00f3 un mensaje contundente sobre la soberan\u00eda del pa\u00eds y el control del Canal de Panam\u00e1, luego de que la cadena NBC News informara que la Casa Blanca estar\u00eda evaluando la posibilidad de aumentar la presencia militar estadounidense en el istmo para garantizar el acceso a la v\u00eda interoce\u00e1nica. [&hellip;]<\/p>\n","protected":false},"author":3,"featured_media":14121,"comment_status":"open","ping_status":"open","sticky":false,"template":"","format":"standard","meta":{"footnotes":""},"categories":[36],"tags":[],"class_list":["post-14120","post","type-post","status-publish","format-standard","has-post-thumbnail","hentry","category-nacionales"],"_links":{"self":[{"href":"https:\/\/alminutonoticia.com\/noticias\/wp-json\/wp\/v2\/posts\/14120","targetHints":{"allow":["GET"]}}],"collection":[{"href":"https:\/\/alminutonoticia.com\/noticias\/wp-json\/wp\/v2\/posts"}],"about":[{"href":"https:\/\/alminutonoticia.com\/noticias\/wp-json\/wp\/v2\/types\/post"}],"author":[{"embeddable":true,"href":"https:\/\/alminutonoticia.com\/noticias\/wp-json\/wp\/v2\/users\/3"}],"replies":[{"embeddable":true,"href":"https:\/\/alminutonoticia.com\/noticias\/wp-json\/wp\/v2\/comments?post=14120"}],"version-history":[{"count":1,"href":"https:\/\/alminutonoticia.com\/noticias\/wp-json\/wp\/v2\/posts\/14120\/revisions"}],"predecessor-version":[{"id":14122,"href":"https:\/\/alminutonoticia.com\/noticias\/wp-json\/wp\/v2\/posts\/14120\/revisions\/14122"}],"wp:featuredmedia":[{"embeddable":true,"href":"https:\/\/alminutonoticia.com\/noticias\/wp-json\/wp\/v2\/media\/14121"}],"wp:attachment":[{"href":"https:\/\/alminutonoticia.com\/noticias\/wp-json\/wp\/v2\/media?parent=14120"}],"wp:term":[{"taxonomy":"category","embeddable":true,"href":"https:\/\/alminutonoticia.com\/noticias\/wp-json\/wp\/v2\/categories?post=14120"},{"taxonomy":"post_tag","embeddable":true,"href":"https:\/\/alminutonoticia.com\/noticias\/wp-json\/wp\/v2\/tags?post=14120"}],"curies":[{"name":"wp","href":"https:\/\/api.w.org\/{rel}","templated":true}]}}