{"id":14114,"date":"2025-03-17T04:34:05","date_gmt":"2025-03-17T04:34:05","guid":{"rendered":"https:\/\/alminutonoticia.com\/noticias\/?p=14114"},"modified":"2025-03-17T04:34:07","modified_gmt":"2025-03-17T04:34:07","slug":"mulino-autoriza-la-reactivacion-de-la-planta-termoelectrica-y-la-extraccion-de-material-molido-en-la-mina-de-donoso","status":"publish","type":"post","link":"https:\/\/alminutonoticia.com\/noticias\/mulino-autoriza-la-reactivacion-de-la-planta-termoelectrica-y-la-extraccion-de-material-molido-en-la-mina-de-donoso\/","title":{"rendered":"Mulino autoriza la reactivaci\u00f3n de la planta termoel\u00e9ctrica y la extracci\u00f3n de material molido en la mina de Donoso"},"content":{"rendered":"\n<p>El presidente Jos\u00e9 Ra\u00fal Mulino anunci\u00f3 este 13 de marzo, que su gobierno se enfocar\u00e1 en definir el futuro de la mina de cobre ubicada en Donoso, Col\u00f3n, luego de haber concluido el debate sobre las reformas a la Caja de Seguro Social. Mulino reconoci\u00f3 que el tema es complejo y de gran impacto para la econom\u00eda del pa\u00eds.<\/p>\n\n\n\n<p>Uno de los puntos clave en esta situaci\u00f3n son los seis arbitrajes internacionales presentados por First Quantum Minerals, empresa que operaba la mina bajo su filial Minera Panam\u00e1. Estas demandas buscan compensaciones millonarias por supuestos da\u00f1os y perjuicios tras la declaraci\u00f3n de inconstitucionalidad de su contrato. En respuesta, Panam\u00e1 ha contratado un bufete de abogados para manejar estas disputas legales en tribunales internacionales.<\/p>\n\n\n\n<p>A\u00f1adi\u00f3 que dio luz verde para la extracci\u00f3n del material ya molido que permanece en la mina. Seg\u00fan Mulino, ese material representa una gran inversi\u00f3n y su procesamiento en el extranjero permitir\u00e1 recuperar parte de los recursos econ\u00f3micos para Panam\u00e1. \u00abHay una gran cantidad de dinero en ese material y no podemos dejar que se desperdicie\u00bb, enfatiz\u00f3.<\/p>\n\n\n\n<p>Adem\u00e1s, el presidente autoriz\u00f3 la reactivaci\u00f3n de la planta termoel\u00e9ctrica de 300 megavatios con la importaci\u00f3n de carb\u00f3n desde Medell\u00edn, lo que permitir\u00e1 su funcionamiento y su posterior integraci\u00f3n al Centro Nacional de Despacho. \u00abEsto reforzar\u00e1 el suministro energ\u00e9tico del pa\u00eds y aportar\u00e1 estabilidad a nuestra red el\u00e9ctrica\u00bb, explic\u00f3.<\/p>\n\n\n\n<p>El impacto econ\u00f3mico del cierre de la mina tambi\u00e9n fue un tema abordado por el mandatario, quien sostuvo reuniones con empresarios y proveedores afectados. Mulino destac\u00f3 que la paralizaci\u00f3n de las operaciones mineras ha generado una p\u00e9rdida del 5% del Producto Interno Bruto (PIB) y ha afectado la generaci\u00f3n de empleos y los ingresos del Estado. \u00abEstamos sintiendo los efectos en la econom\u00eda, con despidos y problemas de pago a proveedores\u00bb, manifest\u00f3.<\/p>\n\n\n\n<p>El presidente reiter\u00f3 su compromiso de manejar el tema con responsabilidad, asegurando que cada decisi\u00f3n se tomar\u00e1 con base en lo que sea mejor para el pa\u00eds. \u00abActuaremos con seriedad y prudencia para garantizar que los intereses de Panam\u00e1 sean protegidos\u00bb, concluy\u00f3.<\/p>\n\n\n\n<figure class=\"wp-block-image size-full\"><a href=\"https:\/\/alminutonoticia.com\/noticias\/wp-content\/uploads\/2025\/03\/minitas.jpg\"><img fetchpriority=\"high\" decoding=\"async\" width=\"770\" height=\"470\" src=\"https:\/\/alminutonoticia.com\/noticias\/wp-content\/uploads\/2025\/03\/minitas.jpg\" alt=\"\" class=\"wp-image-14115\" title=\"\" srcset=\"https:\/\/alminutonoticia.com\/noticias\/wp-content\/uploads\/2025\/03\/minitas.jpg 770w, https:\/\/alminutonoticia.com\/noticias\/wp-content\/uploads\/2025\/03\/minitas-300x183.jpg 300w, https:\/\/alminutonoticia.com\/noticias\/wp-content\/uploads\/2025\/03\/minitas-768x469.jpg 768w\" sizes=\"(max-width: 770px) 100vw, 770px\" \/><\/a><\/figure>\n","protected":false},"excerpt":{"rendered":"<p>El presidente Jos\u00e9 Ra\u00fal Mulino anunci\u00f3 este 13 de marzo, que su gobierno se enfocar\u00e1 en definir el futuro de la mina de cobre ubicada en Donoso, Col\u00f3n, luego de haber concluido el debate sobre las reformas a la Caja de Seguro Social. Mulino reconoci\u00f3 que el tema es complejo y de gran impacto para [&hellip;]<\/p>\n","protected":false},"author":3,"featured_media":14115,"comment_status":"open","ping_status":"open","sticky":false,"template":"","format":"standard","meta":{"footnotes":""},"categories":[36],"tags":[],"class_list":["post-14114","post","type-post","status-publish","format-standard","has-post-thumbnail","hentry","category-nacionales"],"_links":{"self":[{"href":"https:\/\/alminutonoticia.com\/noticias\/wp-json\/wp\/v2\/posts\/14114","targetHints":{"allow":["GET"]}}],"collection":[{"href":"https:\/\/alminutonoticia.com\/noticias\/wp-json\/wp\/v2\/posts"}],"about":[{"href":"https:\/\/alminutonoticia.com\/noticias\/wp-json\/wp\/v2\/types\/post"}],"author":[{"embeddable":true,"href":"https:\/\/alminutonoticia.com\/noticias\/wp-json\/wp\/v2\/users\/3"}],"replies":[{"embeddable":true,"href":"https:\/\/alminutonoticia.com\/noticias\/wp-json\/wp\/v2\/comments?post=14114"}],"version-history":[{"count":1,"href":"https:\/\/alminutonoticia.com\/noticias\/wp-json\/wp\/v2\/posts\/14114\/revisions"}],"predecessor-version":[{"id":14116,"href":"https:\/\/alminutonoticia.com\/noticias\/wp-json\/wp\/v2\/posts\/14114\/revisions\/14116"}],"wp:featuredmedia":[{"embeddable":true,"href":"https:\/\/alminutonoticia.com\/noticias\/wp-json\/wp\/v2\/media\/14115"}],"wp:attachment":[{"href":"https:\/\/alminutonoticia.com\/noticias\/wp-json\/wp\/v2\/media?parent=14114"}],"wp:term":[{"taxonomy":"category","embeddable":true,"href":"https:\/\/alminutonoticia.com\/noticias\/wp-json\/wp\/v2\/categories?post=14114"},{"taxonomy":"post_tag","embeddable":true,"href":"https:\/\/alminutonoticia.com\/noticias\/wp-json\/wp\/v2\/tags?post=14114"}],"curies":[{"name":"wp","href":"https:\/\/api.w.org\/{rel}","templated":true}]}}