{"id":14108,"date":"2025-03-17T04:30:46","date_gmt":"2025-03-17T04:30:46","guid":{"rendered":"https:\/\/alminutonoticia.com\/noticias\/?p=14108"},"modified":"2025-03-17T04:30:49","modified_gmt":"2025-03-17T04:30:49","slug":"presidente-mulino-sancionara-la-ley-de-la-css-la-proxima-semana","status":"publish","type":"post","link":"https:\/\/alminutonoticia.com\/noticias\/presidente-mulino-sancionara-la-ley-de-la-css-la-proxima-semana\/","title":{"rendered":"Presidente Mulino sancionar\u00e1 la ley de la CSS la pr\u00f3xima semana"},"content":{"rendered":"\n<p>El proyecto de ley que reforma la&nbsp;<strong>Caja de Seguro Social (CSS)&nbsp;<\/strong>est\u00e1 a punto de ser aprobado en tercer debate, lo que permitir\u00e1 su posterior sanci\u00f3n en los primeros d\u00edas de la pr\u00f3xima semana, seg\u00fan adelant\u00f3 el presidente Jos\u00e9 Ra\u00fal Mulino en su conferencia semanal de este jueves 13 de marzo.<\/p>\n\n\n\n<p>Durante su intervenci\u00f3n, asegur\u00f3 que se encuentra satisfecho con el desarrollo del proceso y reiter\u00f3 su compromiso con la seguridad social del pa\u00eds. \u00abEstoy esperando que se concluyan esos tr\u00e1mites para darle la sanci\u00f3n correspondiente, porque para m\u00ed es importante y no tengo ning\u00fan esp\u00edritu de triunfalismo pol\u00edtico\u00bb, manifest\u00f3.<\/p>\n\n\n\n<p>Destac\u00f3 que, a pesar de algunos incidentes recientes, la discusi\u00f3n de la reforma se ha dado sin afectar la paz social ni el orden p\u00fablico. Tambi\u00e9n resalt\u00f3 el respeto del \u00d3rgano Ejecutivo hacia la independencia de la Asamblea Nacional. \u00abA veces no con mi gusto, pero esa es la democracia\u00bb, coment\u00f3.<\/p>\n\n\n\n<p>El proceso de consulta ha sido uno de los m\u00e1s amplios y prolongados en la historia reciente del pa\u00eds. \u00abFueron dos meses de trabajo en distintas mesas de prestaciones y del programa de Invalidez, Vejez y Muerte (IVM) en la Presidencia. Luego, el 6 de noviembre, el ministro de Salud present\u00f3 el proyecto en la Asamblea, donde se llev\u00f3 a cabo un primer debate extenso\u00bb, explic\u00f3.<\/p>\n\n\n\n<p>La reforma busca garantizar la sostenibilidad del sistema y mejorar la administraci\u00f3n de la CSS, una instituci\u00f3n clave para la protecci\u00f3n social de miles de paname\u00f1os.<\/p>\n\n\n\n<figure class=\"wp-block-image size-full\"><a href=\"https:\/\/alminutonoticia.com\/noticias\/wp-content\/uploads\/2025\/03\/muif.jpg\"><img fetchpriority=\"high\" decoding=\"async\" width=\"634\" height=\"426\" src=\"https:\/\/alminutonoticia.com\/noticias\/wp-content\/uploads\/2025\/03\/muif.jpg\" alt=\"\" class=\"wp-image-14109\" title=\"\" srcset=\"https:\/\/alminutonoticia.com\/noticias\/wp-content\/uploads\/2025\/03\/muif.jpg 634w, https:\/\/alminutonoticia.com\/noticias\/wp-content\/uploads\/2025\/03\/muif-300x202.jpg 300w\" sizes=\"(max-width: 634px) 100vw, 634px\" \/><\/a><\/figure>\n","protected":false},"excerpt":{"rendered":"<p>El proyecto de ley que reforma la&nbsp;Caja de Seguro Social (CSS)&nbsp;est\u00e1 a punto de ser aprobado en tercer debate, lo que permitir\u00e1 su posterior sanci\u00f3n en los primeros d\u00edas de la pr\u00f3xima semana, seg\u00fan adelant\u00f3 el presidente Jos\u00e9 Ra\u00fal Mulino en su conferencia semanal de este jueves 13 de marzo. Durante su intervenci\u00f3n, asegur\u00f3 que [&hellip;]<\/p>\n","protected":false},"author":3,"featured_media":14109,"comment_status":"open","ping_status":"open","sticky":false,"template":"","format":"standard","meta":{"footnotes":""},"categories":[36],"tags":[],"class_list":["post-14108","post","type-post","status-publish","format-standard","has-post-thumbnail","hentry","category-nacionales"],"_links":{"self":[{"href":"https:\/\/alminutonoticia.com\/noticias\/wp-json\/wp\/v2\/posts\/14108","targetHints":{"allow":["GET"]}}],"collection":[{"href":"https:\/\/alminutonoticia.com\/noticias\/wp-json\/wp\/v2\/posts"}],"about":[{"href":"https:\/\/alminutonoticia.com\/noticias\/wp-json\/wp\/v2\/types\/post"}],"author":[{"embeddable":true,"href":"https:\/\/alminutonoticia.com\/noticias\/wp-json\/wp\/v2\/users\/3"}],"replies":[{"embeddable":true,"href":"https:\/\/alminutonoticia.com\/noticias\/wp-json\/wp\/v2\/comments?post=14108"}],"version-history":[{"count":1,"href":"https:\/\/alminutonoticia.com\/noticias\/wp-json\/wp\/v2\/posts\/14108\/revisions"}],"predecessor-version":[{"id":14110,"href":"https:\/\/alminutonoticia.com\/noticias\/wp-json\/wp\/v2\/posts\/14108\/revisions\/14110"}],"wp:featuredmedia":[{"embeddable":true,"href":"https:\/\/alminutonoticia.com\/noticias\/wp-json\/wp\/v2\/media\/14109"}],"wp:attachment":[{"href":"https:\/\/alminutonoticia.com\/noticias\/wp-json\/wp\/v2\/media?parent=14108"}],"wp:term":[{"taxonomy":"category","embeddable":true,"href":"https:\/\/alminutonoticia.com\/noticias\/wp-json\/wp\/v2\/categories?post=14108"},{"taxonomy":"post_tag","embeddable":true,"href":"https:\/\/alminutonoticia.com\/noticias\/wp-json\/wp\/v2\/tags?post=14108"}],"curies":[{"name":"wp","href":"https:\/\/api.w.org\/{rel}","templated":true}]}}