{"id":14090,"date":"2025-03-12T11:32:11","date_gmt":"2025-03-12T11:32:11","guid":{"rendered":"https:\/\/alminutonoticia.com\/noticias\/?p=14090"},"modified":"2025-03-12T11:32:13","modified_gmt":"2025-03-12T11:32:13","slug":"coalicion-vamos-gritos-y-confrontaciones-marcan-reunion-en-la-asamblea","status":"publish","type":"post","link":"https:\/\/alminutonoticia.com\/noticias\/coalicion-vamos-gritos-y-confrontaciones-marcan-reunion-en-la-asamblea\/","title":{"rendered":"Coalici\u00f3n Vamos: gritos y confrontaciones marcan reuni\u00f3n en la Asamblea"},"content":{"rendered":"\n<p>La bancada Vamos vivi\u00f3 momentos de alta tensi\u00f3n la tarde del martes 11 de marzo en la Asamblea Nacional, cuando una reuni\u00f3n interna deriv\u00f3 en una fuerte discusi\u00f3n entre sus miembros, con gritos, insultos y enfrentamientos verbales.<\/p>\n\n\n\n<p>Durante la disputa, se escuch\u00f3 la voz de una de las diputadas exclamando: \u201c\u00c9l ha arruinado la bancada\u201d, mientras los diputados Jonathan Vega, Betserai Richards y Augusto \u00abTuto\u00bb Palacios sal\u00edan del recinto en medio del tumulto.<\/p>\n\n\n\n<p>Extraoficialmente se ha ventilado que la confrontaci\u00f3n involucr\u00f3 a las diputadas Yamireliz Chong, Alexandra Brenes, Walkiria Chandler y los diputados Richards y Vega.<\/p>\n\n\n\n<p>La reuni\u00f3n, que ten\u00eda como objetivo discutir temas como las reformas a la CSS y al C\u00f3digo Electoral.<\/p>\n\n\n\n<p>El encuentro cont\u00f3 con la presencia del dirigente Juan Diego V\u00e1squez y el exdiputado Gabriel Silva, quienes fueron testigos de la acalorada discusi\u00f3n.<\/p>\n\n\n\n<p>A pesar de los intentos por calmar la situaci\u00f3n, la reuni\u00f3n concluy\u00f3 en un ambiente de marcada tensi\u00f3n, dejando en evidencia las diferencias internas que enfrenta la bancada Vamos.<\/p>\n\n\n\n<figure class=\"wp-block-image size-full\"><a href=\"https:\/\/alminutonoticia.com\/noticias\/wp-content\/uploads\/2025\/03\/medcom-.jpg\"><img fetchpriority=\"high\" decoding=\"async\" width=\"727\" height=\"383\" src=\"https:\/\/alminutonoticia.com\/noticias\/wp-content\/uploads\/2025\/03\/medcom-.jpg\" alt=\"\" class=\"wp-image-14091\" title=\"\" srcset=\"https:\/\/alminutonoticia.com\/noticias\/wp-content\/uploads\/2025\/03\/medcom-.jpg 727w, https:\/\/alminutonoticia.com\/noticias\/wp-content\/uploads\/2025\/03\/medcom--300x158.jpg 300w\" sizes=\"(max-width: 727px) 100vw, 727px\" \/><\/a><\/figure>\n","protected":false},"excerpt":{"rendered":"<p>La bancada Vamos vivi\u00f3 momentos de alta tensi\u00f3n la tarde del martes 11 de marzo en la Asamblea Nacional, cuando una reuni\u00f3n interna deriv\u00f3 en una fuerte discusi\u00f3n entre sus miembros, con gritos, insultos y enfrentamientos verbales. Durante la disputa, se escuch\u00f3 la voz de una de las diputadas exclamando: \u201c\u00c9l ha arruinado la bancada\u201d, [&hellip;]<\/p>\n","protected":false},"author":3,"featured_media":14091,"comment_status":"open","ping_status":"open","sticky":false,"template":"","format":"standard","meta":{"footnotes":""},"categories":[36],"tags":[],"class_list":["post-14090","post","type-post","status-publish","format-standard","has-post-thumbnail","hentry","category-nacionales"],"_links":{"self":[{"href":"https:\/\/alminutonoticia.com\/noticias\/wp-json\/wp\/v2\/posts\/14090","targetHints":{"allow":["GET"]}}],"collection":[{"href":"https:\/\/alminutonoticia.com\/noticias\/wp-json\/wp\/v2\/posts"}],"about":[{"href":"https:\/\/alminutonoticia.com\/noticias\/wp-json\/wp\/v2\/types\/post"}],"author":[{"embeddable":true,"href":"https:\/\/alminutonoticia.com\/noticias\/wp-json\/wp\/v2\/users\/3"}],"replies":[{"embeddable":true,"href":"https:\/\/alminutonoticia.com\/noticias\/wp-json\/wp\/v2\/comments?post=14090"}],"version-history":[{"count":1,"href":"https:\/\/alminutonoticia.com\/noticias\/wp-json\/wp\/v2\/posts\/14090\/revisions"}],"predecessor-version":[{"id":14092,"href":"https:\/\/alminutonoticia.com\/noticias\/wp-json\/wp\/v2\/posts\/14090\/revisions\/14092"}],"wp:featuredmedia":[{"embeddable":true,"href":"https:\/\/alminutonoticia.com\/noticias\/wp-json\/wp\/v2\/media\/14091"}],"wp:attachment":[{"href":"https:\/\/alminutonoticia.com\/noticias\/wp-json\/wp\/v2\/media?parent=14090"}],"wp:term":[{"taxonomy":"category","embeddable":true,"href":"https:\/\/alminutonoticia.com\/noticias\/wp-json\/wp\/v2\/categories?post=14090"},{"taxonomy":"post_tag","embeddable":true,"href":"https:\/\/alminutonoticia.com\/noticias\/wp-json\/wp\/v2\/tags?post=14090"}],"curies":[{"name":"wp","href":"https:\/\/api.w.org\/{rel}","templated":true}]}}