{"id":14087,"date":"2025-03-12T11:29:43","date_gmt":"2025-03-12T11:29:43","guid":{"rendered":"https:\/\/alminutonoticia.com\/noticias\/?p=14087"},"modified":"2025-03-12T11:29:45","modified_gmt":"2025-03-12T11:29:45","slug":"aprehenden-a-pareja-por-presunto-abuso-sexual-y-maltrato-contra-su-hija","status":"publish","type":"post","link":"https:\/\/alminutonoticia.com\/noticias\/aprehenden-a-pareja-por-presunto-abuso-sexual-y-maltrato-contra-su-hija\/","title":{"rendered":"Aprehenden a pareja por presunto abuso sexual y maltrato contra su hija"},"content":{"rendered":"\n<p>La Polic\u00eda Nacional en coordinaci\u00f3n con el&nbsp;<strong>Ministerio P\u00fablico&nbsp;<\/strong>aprehendieron a un hombre y una mujer, en el corregimiento de&nbsp;<strong>Las Cumbres,<\/strong>&nbsp;requeridos por los delitos contra la libertad e integridad sexual en su modalidad de violaci\u00f3n y contra el orden jur\u00eddico,<strong>&nbsp;familiar&nbsp;<\/strong>y el estado civil en su modalidad de maltrato al menor, en perjuicio de su propia hija.<\/p>\n\n\n\n<p>La aprehensi\u00f3n de ambas personas, surge tras una denuncia donde se investiga la presunta violaci\u00f3n de una adolescente por parte de su padre y de actos de<strong>&nbsp;maltrato<\/strong>&nbsp;por parte de su madre.<\/p>\n\n\n\n<p>Ambos ciudadanos, fueron trasladados para los<strong>&nbsp;tr\u00e1mites correspondientes<\/strong>&nbsp;a \u00f3rdenes de las autoridades judiciales.<\/p>\n\n\n\n<figure class=\"wp-block-image size-full\"><a href=\"https:\/\/alminutonoticia.com\/noticias\/wp-content\/uploads\/2025\/03\/padres-770x462-1.jpg\"><img fetchpriority=\"high\" decoding=\"async\" width=\"770\" height=\"462\" src=\"https:\/\/alminutonoticia.com\/noticias\/wp-content\/uploads\/2025\/03\/padres-770x462-1.jpg\" alt=\"\" class=\"wp-image-14088\" title=\"\" srcset=\"https:\/\/alminutonoticia.com\/noticias\/wp-content\/uploads\/2025\/03\/padres-770x462-1.jpg 770w, https:\/\/alminutonoticia.com\/noticias\/wp-content\/uploads\/2025\/03\/padres-770x462-1-300x180.jpg 300w, https:\/\/alminutonoticia.com\/noticias\/wp-content\/uploads\/2025\/03\/padres-770x462-1-768x461.jpg 768w\" sizes=\"(max-width: 770px) 100vw, 770px\" \/><\/a><\/figure>\n","protected":false},"excerpt":{"rendered":"<p>La Polic\u00eda Nacional en coordinaci\u00f3n con el&nbsp;Ministerio P\u00fablico&nbsp;aprehendieron a un hombre y una mujer, en el corregimiento de&nbsp;Las Cumbres,&nbsp;requeridos por los delitos contra la libertad e integridad sexual en su modalidad de violaci\u00f3n y contra el orden jur\u00eddico,&nbsp;familiar&nbsp;y el estado civil en su modalidad de maltrato al menor, en perjuicio de su propia hija. La [&hellip;]<\/p>\n","protected":false},"author":3,"featured_media":14088,"comment_status":"open","ping_status":"open","sticky":false,"template":"","format":"standard","meta":{"footnotes":""},"categories":[36],"tags":[],"class_list":["post-14087","post","type-post","status-publish","format-standard","has-post-thumbnail","hentry","category-nacionales"],"_links":{"self":[{"href":"https:\/\/alminutonoticia.com\/noticias\/wp-json\/wp\/v2\/posts\/14087","targetHints":{"allow":["GET"]}}],"collection":[{"href":"https:\/\/alminutonoticia.com\/noticias\/wp-json\/wp\/v2\/posts"}],"about":[{"href":"https:\/\/alminutonoticia.com\/noticias\/wp-json\/wp\/v2\/types\/post"}],"author":[{"embeddable":true,"href":"https:\/\/alminutonoticia.com\/noticias\/wp-json\/wp\/v2\/users\/3"}],"replies":[{"embeddable":true,"href":"https:\/\/alminutonoticia.com\/noticias\/wp-json\/wp\/v2\/comments?post=14087"}],"version-history":[{"count":1,"href":"https:\/\/alminutonoticia.com\/noticias\/wp-json\/wp\/v2\/posts\/14087\/revisions"}],"predecessor-version":[{"id":14089,"href":"https:\/\/alminutonoticia.com\/noticias\/wp-json\/wp\/v2\/posts\/14087\/revisions\/14089"}],"wp:featuredmedia":[{"embeddable":true,"href":"https:\/\/alminutonoticia.com\/noticias\/wp-json\/wp\/v2\/media\/14088"}],"wp:attachment":[{"href":"https:\/\/alminutonoticia.com\/noticias\/wp-json\/wp\/v2\/media?parent=14087"}],"wp:term":[{"taxonomy":"category","embeddable":true,"href":"https:\/\/alminutonoticia.com\/noticias\/wp-json\/wp\/v2\/categories?post=14087"},{"taxonomy":"post_tag","embeddable":true,"href":"https:\/\/alminutonoticia.com\/noticias\/wp-json\/wp\/v2\/tags?post=14087"}],"curies":[{"name":"wp","href":"https:\/\/api.w.org\/{rel}","templated":true}]}}