{"id":14047,"date":"2025-03-04T17:11:39","date_gmt":"2025-03-04T17:11:39","guid":{"rendered":"https:\/\/alminutonoticia.com\/noticias\/?p=14047"},"modified":"2025-03-04T17:11:41","modified_gmt":"2025-03-04T17:11:41","slug":"detencion-provisional-para-una-mujer-presuntamente-involucrada-en-la-privacion-de-libertad-de-dayra-caicedo","status":"publish","type":"post","link":"https:\/\/alminutonoticia.com\/noticias\/detencion-provisional-para-una-mujer-presuntamente-involucrada-en-la-privacion-de-libertad-de-dayra-caicedo\/","title":{"rendered":"Detenci\u00f3n provisional para una mujer presuntamente involucrada en la privaci\u00f3n de libertad de Dayra Caicedo"},"content":{"rendered":"\n<p>Hoy, 3 de marzo de 2025, la Secci\u00f3n de Atenci\u00f3n Primaria de Arraij\u00e1n logr\u00f3 la detenci\u00f3n provisional de una<strong>&nbsp;mujer de 44 a\u00f1os&nbsp;<\/strong>mediante una audiencia de solicitudes m\u00faltiples. Esta persona est\u00e1 acusada de delitos contra la libertad individual, en la modalidad de privaci\u00f3n de libertad; delitos contra el patrimonio econ\u00f3mico, en la modalidad de robo agravado; y delitos contra la seguridad colectiva, en la modalidad de asociaci\u00f3n il\u00edcita.<\/p>\n\n\n\n<p>Los hechos ocurrieron el 19 de febrero de 2025 en el corregimiento de Vista Alegre, distrito de Arraij\u00e1n, en perjuicio de&nbsp;<strong>Dayra Caicedo de 23 a\u00f1os.<\/strong><\/p>\n\n\n\n<p>El Ministerio P\u00fablico estableci\u00f3 la vinculaci\u00f3n de esta mujer debido a la gravedad de los delitos imputados.&nbsp;<strong>El Juzgado de Garant\u00edas<\/strong>&nbsp;acogi\u00f3 las solicitudes fundamentadas en los riesgos procesales, tales como el peligro de fuga, la posibilidad de destrucci\u00f3n de pruebas, el riesgo para la comunidad debido al n\u00famero de delitos imputados, y el potencial de atentar contra la v\u00edctima o sus familiares.<\/p>\n\n\n\n<p>La audiencia de apelaci\u00f3n, a solicitud de la defensa, se llevar\u00e1 a cabo el pr\u00f3ximo&nbsp;<strong>13 de marzo de 2025<\/strong>, a las 3:30 de la tarde.<\/p>\n\n\n\n<p>La Procuradur\u00eda&nbsp;<strong>General de la Naci\u00f3n&nbsp;<\/strong>reitera su compromiso de ejercer la acci\u00f3n penal ante los Tribunales de Justicia en los casos que corresponda, conforme a lo establecido por la Constituci\u00f3n y la Ley.<\/p>\n\n\n\n<figure class=\"wp-block-image size-full\"><a href=\"https:\/\/alminutonoticia.com\/noticias\/wp-content\/uploads\/2025\/03\/muejrona-770x462-1.jpg\"><img fetchpriority=\"high\" decoding=\"async\" width=\"770\" height=\"462\" src=\"https:\/\/alminutonoticia.com\/noticias\/wp-content\/uploads\/2025\/03\/muejrona-770x462-1.jpg\" alt=\"\" class=\"wp-image-14048\" title=\"\" srcset=\"https:\/\/alminutonoticia.com\/noticias\/wp-content\/uploads\/2025\/03\/muejrona-770x462-1.jpg 770w, https:\/\/alminutonoticia.com\/noticias\/wp-content\/uploads\/2025\/03\/muejrona-770x462-1-300x180.jpg 300w, https:\/\/alminutonoticia.com\/noticias\/wp-content\/uploads\/2025\/03\/muejrona-770x462-1-768x461.jpg 768w\" sizes=\"(max-width: 770px) 100vw, 770px\" \/><\/a><\/figure>\n","protected":false},"excerpt":{"rendered":"<p>Hoy, 3 de marzo de 2025, la Secci\u00f3n de Atenci\u00f3n Primaria de Arraij\u00e1n logr\u00f3 la detenci\u00f3n provisional de una&nbsp;mujer de 44 a\u00f1os&nbsp;mediante una audiencia de solicitudes m\u00faltiples. Esta persona est\u00e1 acusada de delitos contra la libertad individual, en la modalidad de privaci\u00f3n de libertad; delitos contra el patrimonio econ\u00f3mico, en la modalidad de robo agravado; [&hellip;]<\/p>\n","protected":false},"author":3,"featured_media":14048,"comment_status":"open","ping_status":"open","sticky":false,"template":"","format":"standard","meta":{"footnotes":""},"categories":[36],"tags":[],"class_list":["post-14047","post","type-post","status-publish","format-standard","has-post-thumbnail","hentry","category-nacionales"],"_links":{"self":[{"href":"https:\/\/alminutonoticia.com\/noticias\/wp-json\/wp\/v2\/posts\/14047","targetHints":{"allow":["GET"]}}],"collection":[{"href":"https:\/\/alminutonoticia.com\/noticias\/wp-json\/wp\/v2\/posts"}],"about":[{"href":"https:\/\/alminutonoticia.com\/noticias\/wp-json\/wp\/v2\/types\/post"}],"author":[{"embeddable":true,"href":"https:\/\/alminutonoticia.com\/noticias\/wp-json\/wp\/v2\/users\/3"}],"replies":[{"embeddable":true,"href":"https:\/\/alminutonoticia.com\/noticias\/wp-json\/wp\/v2\/comments?post=14047"}],"version-history":[{"count":1,"href":"https:\/\/alminutonoticia.com\/noticias\/wp-json\/wp\/v2\/posts\/14047\/revisions"}],"predecessor-version":[{"id":14049,"href":"https:\/\/alminutonoticia.com\/noticias\/wp-json\/wp\/v2\/posts\/14047\/revisions\/14049"}],"wp:featuredmedia":[{"embeddable":true,"href":"https:\/\/alminutonoticia.com\/noticias\/wp-json\/wp\/v2\/media\/14048"}],"wp:attachment":[{"href":"https:\/\/alminutonoticia.com\/noticias\/wp-json\/wp\/v2\/media?parent=14047"}],"wp:term":[{"taxonomy":"category","embeddable":true,"href":"https:\/\/alminutonoticia.com\/noticias\/wp-json\/wp\/v2\/categories?post=14047"},{"taxonomy":"post_tag","embeddable":true,"href":"https:\/\/alminutonoticia.com\/noticias\/wp-json\/wp\/v2\/tags?post=14047"}],"curies":[{"name":"wp","href":"https:\/\/api.w.org\/{rel}","templated":true}]}}