{"id":14044,"date":"2025-03-04T17:08:28","date_gmt":"2025-03-04T17:08:28","guid":{"rendered":"https:\/\/alminutonoticia.com\/noticias\/?p=14044"},"modified":"2025-03-04T17:08:29","modified_gmt":"2025-03-04T17:08:29","slug":"amp-atiende-emergencias-de-buques-panamenos-en-aguas-internacionales","status":"publish","type":"post","link":"https:\/\/alminutonoticia.com\/noticias\/amp-atiende-emergencias-de-buques-panamenos-en-aguas-internacionales\/","title":{"rendered":"AMP atiende emergencias de buques paname\u00f1os en aguas internacionales"},"content":{"rendered":"\n<p>La&nbsp;<strong>Autoridad Mar\u00edtima de Panam\u00e1 (AMP)<\/strong>, comunic\u00f3 que como ente rector del Registro de Buques Paname\u00f1os, est\u00e1 al tanto de los incidentes que han afectado a dos naves de bandera paname\u00f1a.<\/p>\n\n\n\n<p>De acuerdo con el comunicado una nave granelera fue impactada por un dron el pasado 26 de febrero mientras realizaba operaciones de carga en el puerto de Tuapse, Rusia. Como consecuencia, la embarcaci\u00f3n sufri\u00f3 da\u00f1os menores y actualmente se encuentra en proceso de reparaci\u00f3n en el puerto de&nbsp;<strong>Ambarli, Turquia.<\/strong><\/p>\n\n\n\n<p>Por otro lado, un portacontenedores de bandera paname\u00f1a fue afectado ayer, 2 de marzo por el impacto de un misil en el puerto de Odessa,<strong>&nbsp;Ucrania<\/strong>. Afortunadamente, la embarcaci\u00f3n no sufri\u00f3 da\u00f1os y su tripulaci\u00f3n se encuentra a salvo.<\/p>\n\n\n\n<p>Representantes de la empresa propietaria confirmaron que el misil impact\u00f3 en las instalaciones del puerto, a poca distancia del lugar donde la<strong>&nbsp;nave estaba atracada.<\/strong><\/p>\n\n\n\n<p>La AMP contin\u00faa brindando seguimiento a ambos casos a trav\u00e9s de las oficinas correspondientes. La instituci\u00f3n colabora estrechamente con las autoridades que investigan los incidentes y brinda apoyo a los armadores involucrados.<\/p>\n\n\n\n<figure class=\"wp-block-image size-full\"><a href=\"https:\/\/alminutonoticia.com\/noticias\/wp-content\/uploads\/2025\/03\/autoridad-770x470-1.jpg\"><img fetchpriority=\"high\" decoding=\"async\" width=\"770\" height=\"470\" src=\"https:\/\/alminutonoticia.com\/noticias\/wp-content\/uploads\/2025\/03\/autoridad-770x470-1.jpg\" alt=\"\" class=\"wp-image-14045\" title=\"\" srcset=\"https:\/\/alminutonoticia.com\/noticias\/wp-content\/uploads\/2025\/03\/autoridad-770x470-1.jpg 770w, https:\/\/alminutonoticia.com\/noticias\/wp-content\/uploads\/2025\/03\/autoridad-770x470-1-300x183.jpg 300w, https:\/\/alminutonoticia.com\/noticias\/wp-content\/uploads\/2025\/03\/autoridad-770x470-1-768x469.jpg 768w\" sizes=\"(max-width: 770px) 100vw, 770px\" \/><\/a><\/figure>\n","protected":false},"excerpt":{"rendered":"<p>La&nbsp;Autoridad Mar\u00edtima de Panam\u00e1 (AMP), comunic\u00f3 que como ente rector del Registro de Buques Paname\u00f1os, est\u00e1 al tanto de los incidentes que han afectado a dos naves de bandera paname\u00f1a. De acuerdo con el comunicado una nave granelera fue impactada por un dron el pasado 26 de febrero mientras realizaba operaciones de carga en el [&hellip;]<\/p>\n","protected":false},"author":3,"featured_media":14045,"comment_status":"open","ping_status":"open","sticky":false,"template":"","format":"standard","meta":{"footnotes":""},"categories":[36],"tags":[],"class_list":["post-14044","post","type-post","status-publish","format-standard","has-post-thumbnail","hentry","category-nacionales"],"_links":{"self":[{"href":"https:\/\/alminutonoticia.com\/noticias\/wp-json\/wp\/v2\/posts\/14044","targetHints":{"allow":["GET"]}}],"collection":[{"href":"https:\/\/alminutonoticia.com\/noticias\/wp-json\/wp\/v2\/posts"}],"about":[{"href":"https:\/\/alminutonoticia.com\/noticias\/wp-json\/wp\/v2\/types\/post"}],"author":[{"embeddable":true,"href":"https:\/\/alminutonoticia.com\/noticias\/wp-json\/wp\/v2\/users\/3"}],"replies":[{"embeddable":true,"href":"https:\/\/alminutonoticia.com\/noticias\/wp-json\/wp\/v2\/comments?post=14044"}],"version-history":[{"count":1,"href":"https:\/\/alminutonoticia.com\/noticias\/wp-json\/wp\/v2\/posts\/14044\/revisions"}],"predecessor-version":[{"id":14046,"href":"https:\/\/alminutonoticia.com\/noticias\/wp-json\/wp\/v2\/posts\/14044\/revisions\/14046"}],"wp:featuredmedia":[{"embeddable":true,"href":"https:\/\/alminutonoticia.com\/noticias\/wp-json\/wp\/v2\/media\/14045"}],"wp:attachment":[{"href":"https:\/\/alminutonoticia.com\/noticias\/wp-json\/wp\/v2\/media?parent=14044"}],"wp:term":[{"taxonomy":"category","embeddable":true,"href":"https:\/\/alminutonoticia.com\/noticias\/wp-json\/wp\/v2\/categories?post=14044"},{"taxonomy":"post_tag","embeddable":true,"href":"https:\/\/alminutonoticia.com\/noticias\/wp-json\/wp\/v2\/tags?post=14044"}],"curies":[{"name":"wp","href":"https:\/\/api.w.org\/{rel}","templated":true}]}}