{"id":1403,"date":"2023-02-27T09:29:11","date_gmt":"2023-02-27T09:29:11","guid":{"rendered":"https:\/\/alminutonoticia.com\/noticias\/?p=1403"},"modified":"2023-02-27T09:29:12","modified_gmt":"2023-02-27T09:29:12","slug":"policia-recupera-vehiculo-y-arma-de-fuego-en-incidente-donde-una-persona-pierce-la-vida-en-colon","status":"publish","type":"post","link":"https:\/\/alminutonoticia.com\/noticias\/policia-recupera-vehiculo-y-arma-de-fuego-en-incidente-donde-una-persona-pierce-la-vida-en-colon\/","title":{"rendered":"Polic\u00eda recupera veh\u00edculo y arma de fuego, en incidente donde una persona pierce la vida en Col\u00f3n."},"content":{"rendered":"\n<p>La Polic\u00eda Nacional en la provincia de Col\u00f3n &nbsp; producto de intensos operativos logra la recuperaci\u00f3n de un veh\u00edculo que presuntamente guarde relaci\u00f3n con un hecho donde una persona pierde la vida en el sector de Portobelo, adem\u00e1s se&nbsp;decomis\u00f3 un arma de fuego.<\/p>\n\n\n\n<p>El Subcomisionado Jorge Dom\u00ednguez, Jefe de la Zona Policial de Col\u00f3n dijo que desplegaron varias unidades en las v\u00edas de acceso y en diferentes sectores de la provincia, logrando ubicar minutos despu\u00e9s el auto y un arma de fuego.<\/p>\n\n\n\n<p>Los operativos contin\u00faan dentro del \u00e1rea boscosa en Portobelo para dar con los responsables de este hecho.<\/p>\n\n\n\n<figure class=\"wp-block-image size-large\"><a href=\"https:\/\/alminutonoticia.com\/noticias\/wp-content\/uploads\/2023\/02\/WhatsApp-Image-2023-02-26-at-5.25.34-PM.jpeg\"><img fetchpriority=\"high\" decoding=\"async\" width=\"1024\" height=\"576\" src=\"https:\/\/alminutonoticia.com\/noticias\/wp-content\/uploads\/2023\/02\/WhatsApp-Image-2023-02-26-at-5.25.34-PM-1024x576.jpeg\" alt=\"\" class=\"wp-image-1404\" title=\"\" srcset=\"https:\/\/alminutonoticia.com\/noticias\/wp-content\/uploads\/2023\/02\/WhatsApp-Image-2023-02-26-at-5.25.34-PM-1024x576.jpeg 1024w, https:\/\/alminutonoticia.com\/noticias\/wp-content\/uploads\/2023\/02\/WhatsApp-Image-2023-02-26-at-5.25.34-PM-300x169.jpeg 300w, https:\/\/alminutonoticia.com\/noticias\/wp-content\/uploads\/2023\/02\/WhatsApp-Image-2023-02-26-at-5.25.34-PM-768x432.jpeg 768w, https:\/\/alminutonoticia.com\/noticias\/wp-content\/uploads\/2023\/02\/WhatsApp-Image-2023-02-26-at-5.25.34-PM.jpeg 1280w\" sizes=\"(max-width: 1024px) 100vw, 1024px\" \/><\/a><\/figure>\n","protected":false},"excerpt":{"rendered":"<p>La Polic\u00eda Nacional en la provincia de Col\u00f3n &nbsp; producto de intensos operativos logra la recuperaci\u00f3n de un veh\u00edculo que presuntamente guarde relaci\u00f3n con un hecho donde una persona pierde la vida en el sector de Portobelo, adem\u00e1s se&nbsp;decomis\u00f3 un arma de fuego. El Subcomisionado Jorge Dom\u00ednguez, Jefe de la Zona Policial de Col\u00f3n dijo [&hellip;]<\/p>\n","protected":false},"author":3,"featured_media":1404,"comment_status":"open","ping_status":"open","sticky":false,"template":"","format":"standard","meta":{"footnotes":""},"categories":[36],"tags":[],"class_list":["post-1403","post","type-post","status-publish","format-standard","has-post-thumbnail","hentry","category-nacionales"],"_links":{"self":[{"href":"https:\/\/alminutonoticia.com\/noticias\/wp-json\/wp\/v2\/posts\/1403","targetHints":{"allow":["GET"]}}],"collection":[{"href":"https:\/\/alminutonoticia.com\/noticias\/wp-json\/wp\/v2\/posts"}],"about":[{"href":"https:\/\/alminutonoticia.com\/noticias\/wp-json\/wp\/v2\/types\/post"}],"author":[{"embeddable":true,"href":"https:\/\/alminutonoticia.com\/noticias\/wp-json\/wp\/v2\/users\/3"}],"replies":[{"embeddable":true,"href":"https:\/\/alminutonoticia.com\/noticias\/wp-json\/wp\/v2\/comments?post=1403"}],"version-history":[{"count":1,"href":"https:\/\/alminutonoticia.com\/noticias\/wp-json\/wp\/v2\/posts\/1403\/revisions"}],"predecessor-version":[{"id":1405,"href":"https:\/\/alminutonoticia.com\/noticias\/wp-json\/wp\/v2\/posts\/1403\/revisions\/1405"}],"wp:featuredmedia":[{"embeddable":true,"href":"https:\/\/alminutonoticia.com\/noticias\/wp-json\/wp\/v2\/media\/1404"}],"wp:attachment":[{"href":"https:\/\/alminutonoticia.com\/noticias\/wp-json\/wp\/v2\/media?parent=1403"}],"wp:term":[{"taxonomy":"category","embeddable":true,"href":"https:\/\/alminutonoticia.com\/noticias\/wp-json\/wp\/v2\/categories?post=1403"},{"taxonomy":"post_tag","embeddable":true,"href":"https:\/\/alminutonoticia.com\/noticias\/wp-json\/wp\/v2\/tags?post=1403"}],"curies":[{"name":"wp","href":"https:\/\/api.w.org\/{rel}","templated":true}]}}