{"id":14018,"date":"2025-02-28T11:48:38","date_gmt":"2025-02-28T11:48:38","guid":{"rendered":"https:\/\/alminutonoticia.com\/noticias\/?p=14018"},"modified":"2025-02-28T11:48:39","modified_gmt":"2025-02-28T11:48:39","slug":"larry-solis-nuevo-director-de-senafront-gobea-se-jubila","status":"publish","type":"post","link":"https:\/\/alminutonoticia.com\/noticias\/larry-solis-nuevo-director-de-senafront-gobea-se-jubila\/","title":{"rendered":"Larry Sol\u00eds, nuevo director de Senafront, Gobea se jubila"},"content":{"rendered":"\n<p>El Ministerio de Seguridad P\u00fablica (Minseg) inform\u00f3 la tarde de este 27 de febrero de 2025 que el comisionado Jorge Luis Gobea Trejos, luego de cumplir 30 a\u00f1os de servicio dentro de la Fuerza P\u00fablica y como director general del Servicio Nacional de Fronteras (Senafront), se acoge a su jubilaci\u00f3n.<\/p>\n\n\n\n<p>En la direcci\u00f3n de este estamento quedar\u00e1 Larry Sol\u00eds Vel\u00e1squez, quien actualmente es el subdirector de dicha instituci\u00f3n.<\/p>\n\n\n\n<p>En sus treinta a\u00f1os de servicio ininterrumpidos, este oficial demostr\u00f3 capacidades operativas y liderazgo frente a la tropa, as\u00ed como un alto grado de profesionalismo dentro de sus asignaciones ejecutivas como director del Senafront\u201d, detall\u00f3 el comunicado.<\/p>\n\n\n\n<figure class=\"wp-block-image size-full\"><a href=\"https:\/\/alminutonoticia.com\/noticias\/wp-content\/uploads\/2025\/02\/sena-770x462-1.jpeg\"><img fetchpriority=\"high\" decoding=\"async\" width=\"770\" height=\"462\" src=\"https:\/\/alminutonoticia.com\/noticias\/wp-content\/uploads\/2025\/02\/sena-770x462-1.jpeg\" alt=\"\" class=\"wp-image-14019\" title=\"\" srcset=\"https:\/\/alminutonoticia.com\/noticias\/wp-content\/uploads\/2025\/02\/sena-770x462-1.jpeg 770w, https:\/\/alminutonoticia.com\/noticias\/wp-content\/uploads\/2025\/02\/sena-770x462-1-300x180.jpeg 300w, https:\/\/alminutonoticia.com\/noticias\/wp-content\/uploads\/2025\/02\/sena-770x462-1-768x461.jpeg 768w\" sizes=\"(max-width: 770px) 100vw, 770px\" \/><\/a><\/figure>\n","protected":false},"excerpt":{"rendered":"<p>El Ministerio de Seguridad P\u00fablica (Minseg) inform\u00f3 la tarde de este 27 de febrero de 2025 que el comisionado Jorge Luis Gobea Trejos, luego de cumplir 30 a\u00f1os de servicio dentro de la Fuerza P\u00fablica y como director general del Servicio Nacional de Fronteras (Senafront), se acoge a su jubilaci\u00f3n. En la direcci\u00f3n de este [&hellip;]<\/p>\n","protected":false},"author":3,"featured_media":14019,"comment_status":"open","ping_status":"open","sticky":false,"template":"","format":"standard","meta":{"footnotes":""},"categories":[36],"tags":[],"class_list":["post-14018","post","type-post","status-publish","format-standard","has-post-thumbnail","hentry","category-nacionales"],"_links":{"self":[{"href":"https:\/\/alminutonoticia.com\/noticias\/wp-json\/wp\/v2\/posts\/14018","targetHints":{"allow":["GET"]}}],"collection":[{"href":"https:\/\/alminutonoticia.com\/noticias\/wp-json\/wp\/v2\/posts"}],"about":[{"href":"https:\/\/alminutonoticia.com\/noticias\/wp-json\/wp\/v2\/types\/post"}],"author":[{"embeddable":true,"href":"https:\/\/alminutonoticia.com\/noticias\/wp-json\/wp\/v2\/users\/3"}],"replies":[{"embeddable":true,"href":"https:\/\/alminutonoticia.com\/noticias\/wp-json\/wp\/v2\/comments?post=14018"}],"version-history":[{"count":1,"href":"https:\/\/alminutonoticia.com\/noticias\/wp-json\/wp\/v2\/posts\/14018\/revisions"}],"predecessor-version":[{"id":14020,"href":"https:\/\/alminutonoticia.com\/noticias\/wp-json\/wp\/v2\/posts\/14018\/revisions\/14020"}],"wp:featuredmedia":[{"embeddable":true,"href":"https:\/\/alminutonoticia.com\/noticias\/wp-json\/wp\/v2\/media\/14019"}],"wp:attachment":[{"href":"https:\/\/alminutonoticia.com\/noticias\/wp-json\/wp\/v2\/media?parent=14018"}],"wp:term":[{"taxonomy":"category","embeddable":true,"href":"https:\/\/alminutonoticia.com\/noticias\/wp-json\/wp\/v2\/categories?post=14018"},{"taxonomy":"post_tag","embeddable":true,"href":"https:\/\/alminutonoticia.com\/noticias\/wp-json\/wp\/v2\/tags?post=14018"}],"curies":[{"name":"wp","href":"https:\/\/api.w.org\/{rel}","templated":true}]}}