{"id":14009,"date":"2025-02-28T11:42:06","date_gmt":"2025-02-28T11:42:06","guid":{"rendered":"https:\/\/alminutonoticia.com\/noticias\/?p=14009"},"modified":"2025-02-28T11:42:07","modified_gmt":"2025-02-28T11:42:07","slug":"en-panama-cerca-de-1500-personas-son-detectadas-con-vih-y-300-con-sida-anualmente","status":"publish","type":"post","link":"https:\/\/alminutonoticia.com\/noticias\/en-panama-cerca-de-1500-personas-son-detectadas-con-vih-y-300-con-sida-anualmente\/","title":{"rendered":"En Panam\u00e1 cerca de 1,500 personas son detectadas con VIH y 300 con Sida anualmente"},"content":{"rendered":"\n<p>El Ministerio de Salud particip\u00f3 del lanzamiento oficial de la campa\u00f1a titulada \u00abEl VIH no mata, el miedo a<br>la prueba s\u00ed\u00bb, que llev\u00f3 a cabo<strong>&nbsp;la Fundaci\u00f3n Probidsida<\/strong>, en el marco de las festividades del carnaval, la cual busca crear conciencia en la juventud del pa\u00eds.<\/p>\n\n\n\n<p>Alex Gonz\u00e1lez, Asesor del Despacho Superior del&nbsp;<strong>Minsa,<\/strong>&nbsp;mencion\u00f3 que desde esta instituci\u00f3n las estrategias est\u00e1n enfocadas en un proyecto coordinado entre la Caja de Seguro Social, Minsa y todas las<br>entidades que trabajan en beneficio de los programas que se desarrollan con el VIH y enfermedades que son transmitidas a trav\u00e9s del comportamiento sexual, para que puedan ser atendidas de una manera integral.<\/p>\n\n\n\n<p>Orlando Quintero, director de Probidsida, indic\u00f3 que en el 2023 se observ\u00f3 un repunte en la poblaci\u00f3n de 15-19 a\u00f1os, report\u00e1ndose 170 casos de VIH y&nbsp;<strong>40 casos de Sida.<\/strong><\/p>\n\n\n\n<p>Agreg\u00f3 que se registraron 12 muertos, de los cuales 9 eran de la comarca<strong>&nbsp;Ng\u00e4be-Bugl\u00e9.<\/strong><\/p>\n\n\n\n<p>El Dr. Quintero detall\u00f3 que en los casos de VIH las regiones m\u00e1s afectadas son la Regi\u00f3n Metropolitana, seguido de Panam\u00e1 Oeste, la comarca Ng\u00e4be-Bugl\u00e9 y&nbsp;<strong>San Miguelito.<\/strong><\/p>\n\n\n\n<p>\u201cHacemos un llamado de atenci\u00f3n a toda la poblaci\u00f3n que se va a carnavalear, para que asuman una cconciencia de riesgo y que reconozcan que con cada paso dado se pueden exponer a una Infecci\u00f3n de Transmisi\u00f3n Sexual como el VIH y&nbsp;<strong>s\u00edfilis<\/strong>, entre otras; as\u00ed como a embarazos y accidentes de tr\u00e1nsito, situaciones que en una u otra forma pueden truncarles el vivir plenamente\u201d, indic\u00f3.<\/p>\n\n\n\n<p>Recalc\u00f3 que una persona con VIH, que es detectada a tiempo, puede recibir tratamiento para evitar que el virus progrese a la etapa de<strong>&nbsp;Sida.<\/strong><\/p>\n\n\n\n<p>En Panam\u00e1 cerca de 1,500 personas son detectadas con VIH y 300 con SIDA anualmente; el grupo m\u00e1s afectado es el de 20-29 a\u00f1os.<\/p>\n\n\n\n<figure class=\"wp-block-image size-full\"><a href=\"https:\/\/alminutonoticia.com\/noticias\/wp-content\/uploads\/2025\/02\/vih-770x470-1.jpg\"><img fetchpriority=\"high\" decoding=\"async\" width=\"770\" height=\"470\" src=\"https:\/\/alminutonoticia.com\/noticias\/wp-content\/uploads\/2025\/02\/vih-770x470-1.jpg\" alt=\"\" class=\"wp-image-14010\" title=\"\" srcset=\"https:\/\/alminutonoticia.com\/noticias\/wp-content\/uploads\/2025\/02\/vih-770x470-1.jpg 770w, https:\/\/alminutonoticia.com\/noticias\/wp-content\/uploads\/2025\/02\/vih-770x470-1-300x183.jpg 300w, https:\/\/alminutonoticia.com\/noticias\/wp-content\/uploads\/2025\/02\/vih-770x470-1-768x469.jpg 768w\" sizes=\"(max-width: 770px) 100vw, 770px\" \/><\/a><\/figure>\n","protected":false},"excerpt":{"rendered":"<p>El Ministerio de Salud particip\u00f3 del lanzamiento oficial de la campa\u00f1a titulada \u00abEl VIH no mata, el miedo ala prueba s\u00ed\u00bb, que llev\u00f3 a cabo&nbsp;la Fundaci\u00f3n Probidsida, en el marco de las festividades del carnaval, la cual busca crear conciencia en la juventud del pa\u00eds. Alex Gonz\u00e1lez, Asesor del Despacho Superior del&nbsp;Minsa,&nbsp;mencion\u00f3 que desde esta [&hellip;]<\/p>\n","protected":false},"author":3,"featured_media":14010,"comment_status":"open","ping_status":"open","sticky":false,"template":"","format":"standard","meta":{"footnotes":""},"categories":[36,45],"tags":[],"class_list":["post-14009","post","type-post","status-publish","format-standard","has-post-thumbnail","hentry","category-nacionales","category-salud"],"_links":{"self":[{"href":"https:\/\/alminutonoticia.com\/noticias\/wp-json\/wp\/v2\/posts\/14009","targetHints":{"allow":["GET"]}}],"collection":[{"href":"https:\/\/alminutonoticia.com\/noticias\/wp-json\/wp\/v2\/posts"}],"about":[{"href":"https:\/\/alminutonoticia.com\/noticias\/wp-json\/wp\/v2\/types\/post"}],"author":[{"embeddable":true,"href":"https:\/\/alminutonoticia.com\/noticias\/wp-json\/wp\/v2\/users\/3"}],"replies":[{"embeddable":true,"href":"https:\/\/alminutonoticia.com\/noticias\/wp-json\/wp\/v2\/comments?post=14009"}],"version-history":[{"count":1,"href":"https:\/\/alminutonoticia.com\/noticias\/wp-json\/wp\/v2\/posts\/14009\/revisions"}],"predecessor-version":[{"id":14011,"href":"https:\/\/alminutonoticia.com\/noticias\/wp-json\/wp\/v2\/posts\/14009\/revisions\/14011"}],"wp:featuredmedia":[{"embeddable":true,"href":"https:\/\/alminutonoticia.com\/noticias\/wp-json\/wp\/v2\/media\/14010"}],"wp:attachment":[{"href":"https:\/\/alminutonoticia.com\/noticias\/wp-json\/wp\/v2\/media?parent=14009"}],"wp:term":[{"taxonomy":"category","embeddable":true,"href":"https:\/\/alminutonoticia.com\/noticias\/wp-json\/wp\/v2\/categories?post=14009"},{"taxonomy":"post_tag","embeddable":true,"href":"https:\/\/alminutonoticia.com\/noticias\/wp-json\/wp\/v2\/tags?post=14009"}],"curies":[{"name":"wp","href":"https:\/\/api.w.org\/{rel}","templated":true}]}}