{"id":14006,"date":"2025-02-28T11:38:38","date_gmt":"2025-02-28T11:38:38","guid":{"rendered":"https:\/\/alminutonoticia.com\/noticias\/?p=14006"},"modified":"2025-02-28T11:38:41","modified_gmt":"2025-02-28T11:38:41","slug":"mulino-anuncia-plan-para-abastecer-de-agua-a-la-poblacion-e-inicio-de-construccion-del-hospital-de-mascotas","status":"publish","type":"post","link":"https:\/\/alminutonoticia.com\/noticias\/mulino-anuncia-plan-para-abastecer-de-agua-a-la-poblacion-e-inicio-de-construccion-del-hospital-de-mascotas\/","title":{"rendered":"Mulino anuncia plan para abastecer de agua a la poblaci\u00f3n e inicio de construcci\u00f3n del hospital de mascotas"},"content":{"rendered":"\n<p>M\u00e1s de B\/.100 millones, aproximadamente, invertir\u00e1 el Gobierno Nacional en el pa\u00eds como parte del Plan Nacional de Rehabilitaci\u00f3n de&nbsp;<strong>Plantas Potabilizadoras<\/strong>&nbsp;para abastecer de agua para el consumo humano y mejorar la calidad de vida a m\u00e1s de 330 mil paname\u00f1os, anunci\u00f3 hoy el presidente de la Rep\u00fablica, Jos\u00e9 Ra\u00fal Mulino.<\/p>\n\n\n\n<p>En su conferencia de prensa de los jueves, realizada en el Palacio de Las Garzas, el mandatario explic\u00f3 que el plan para abastecer de agua a la poblaci\u00f3n, que incluye la&nbsp;<strong>perforaci\u00f3n de pozos,<\/strong>&nbsp;es un esfuerzo conjunto de varias entidades, como el Ministerio de Salud (Minsa) y el Instituto de Acueductos y Alcantarillados Nacionales<strong>&nbsp;(Idaan).<\/strong><\/p>\n\n\n\n<p>\u201cEste plan contempla el dise\u00f1o, construcci\u00f3n, rehabilitaci\u00f3n de obras civiles y el\u00e9ctricas y la modernizaci\u00f3n de los sistemas de tratamiento de agua;<strong>&nbsp;se inicia el pr\u00f3ximo mes de mayo<\/strong>, mientras se cumplan las instancias de licitaciones, para empezar en agosto\u201d, detall\u00f3.<\/p>\n\n\n\n<p>Resalt\u00f3 que, mientras se construyen las potabilizadoras \u2014que toma mucho m\u00e1s tiempo\u2014, se avanza en la&nbsp;<strong>perforaci\u00f3n masiva de pozos&nbsp;<\/strong>en varios puntos del pa\u00eds, ya que es m\u00e1s r\u00e1pida su excavaci\u00f3n y su interconexi\u00f3n para atender las necesidades en las comunidades. Inform\u00f3 que el Idaan ha logrado perforar 120 pozos a nivel nacional, y se han habilitado las infraestructuras necesarias; en tanto, el&nbsp;<strong>Minsa licitar\u00e1 254 nuevos pozos en las pr\u00f3ximas semanas.&nbsp;<\/strong><\/p>\n\n\n\n<p>\u201cCon los pozos se va a aligerar un poco el peso de la ausencia de agua en muchas partes del pa\u00eds\u201d, subray\u00f3 el presidente&nbsp;<strong>Mulino<\/strong>, y mencion\u00f3 que estas inversiones, junto a otras acciones, obedecen a su compromiso con el Idaan, para que cumpla su misi\u00f3n de dar respuesta con este servicio.&nbsp;<\/p>\n\n\n\n<p>\u201cTengo el compromiso con el<strong>&nbsp;Idaan&nbsp;<\/strong>para transformarlo e ir sac\u00e1ndolo de la politiquer\u00eda de la que ha sido objeto, quiz\u00e1s el germen que acab\u00f3 con esa instituci\u00f3n. Estamos dando pasos en esa direcci\u00f3n desde octubre\u201d, indic\u00f3 el presidente.<\/p>\n\n\n\n<p>En la conferencia de prensa, el secretario de Metas del Ministerio de la Presidencia y ministro del Canal, Jos\u00e9 Ram\u00f3n Icaza, ampli\u00f3 que, en la primera fase, el Plan Nacional abarca 20 plantas potabilizadoras, de un total de 60 en el pa\u00eds \u2014cuyos detalles se presentar\u00e1n pr\u00f3ximamente\u2014, que beneficiar\u00e1n a siete provincias y generar\u00e1n unos 500 empleos directos y 1,500 indirectos.&nbsp;<\/p>\n\n\n\n<p>El ministro Icaza tambi\u00e9n se refiri\u00f3 al estado<strong>&nbsp;\u201cdeplorable\u201d&nbsp;<\/strong>que presentan las plantas del Idaan en sectores como Parita, Santiago, Penonom\u00e9, Paso Canoas, Nat\u00e1 y Chiriqu\u00ed, entre otros, que \u201crequieren una atenci\u00f3n urgente de rescate, mejora y ampliaci\u00f3n\u201d para garantizar los objetivos de cobertura y continuidad en el suministro y calidad.<\/p>\n\n\n\n<p><strong>Hospital de Mascotas ser\u00e1 realidad<\/strong><\/p>\n\n\n\n<p>Otro anuncio del mandatario, y que tambi\u00e9n responde a su promesa de campa\u00f1a, fue el inicio del proceso para construir el hospital de mascotas, cuya licitaci\u00f3n para el dise\u00f1o, construcci\u00f3n y mantenimiento se pondr\u00e1 en marcha este viernes, 28 de febrero.<\/p>\n\n\n\n<p>Esta obra representa una inversi\u00f3n de&nbsp;<strong>B\/.14.2 millones<\/strong>&nbsp;y generar\u00e1 m\u00e1s de 1,200 empleos directos. Su construcci\u00f3n a la altura de Costa Sur, por el Corredor Sur, dar\u00e1 inicio en junio de este a\u00f1o, y la entrega est\u00e1 prevista para diciembre de 2026.<\/p>\n\n\n\n<p><strong>Ley de inter\u00e9s preferencial contribuye a la reactivaci\u00f3n econ\u00f3mica<\/strong><\/p>\n\n\n\n<p>El presidente Mulino se refiri\u00f3 al impacto positivo de la ley sobre intereses preferenciales, proyecto aprobado en el Consejo de Gabinete el pasado martes. El prop\u00f3sito fundamental de este proyecto es&nbsp;<strong>proveer de viviendas asequibles&nbsp;<\/strong>para la familia paname\u00f1a. Dinamizar el sector de la construcci\u00f3n tiene un efecto multiplicador en la econom\u00eda del pa\u00eds, ya que al generar empleos directos e indirectos ayuda a lograr crecimiento econ\u00f3mico r\u00e1pido.<\/p>\n\n\n\n<p>Esta decisi\u00f3n de impacto social implica tambi\u00e9n la cancelaci\u00f3n de obligaciones heredadas con el sector financiero o bancos que financian proyectos de construcci\u00f3n por el orden de&nbsp;<strong>B\/.272 millones<\/strong>&nbsp;que se adeudan a esa banca y que el Gobierno Nacional se ha comprometido a pagar este a\u00f1o.<\/p>\n\n\n\n<p>\u201cEsos&nbsp;<strong>bancos pondr\u00e1n inmediatamente&nbsp;<\/strong>a disposici\u00f3n de los constructores y promotores los esquemas para comenzar a desarrollar estos proyectos y tambi\u00e9n ayudar a financiar el inventario existente de casas que no fueron vendidas\u201d, acot\u00f3.<\/p>\n\n\n\n<p>\u201cCreo que se ha logrado una buena ley y me place haber constatado la reacci\u00f3n positiva de sectores de la construcci\u00f3n, as\u00ed como tambi\u00e9n los promotores de viviendas en el pa\u00eds; espero que la Asamblea, culminada la discusi\u00f3n del Seguro Social (proyecto de ley 163), se adentre en este asunto que es de prioridad nacional para reactivar la econom\u00eda y generar empleos\u201d, se\u00f1al\u00f3.<\/p>\n\n\n\n<p><strong>Migraci\u00f3n hacia Panam\u00e1 disminuye grandemente<\/strong><\/p>\n\n\n\n<p>El mandatario tambi\u00e9n destac\u00f3 que ahora Panam\u00e1 maneja una situaci\u00f3n migratoria que tiene tres componentes, adem\u00e1s de las que ya ha afectado al pa\u00eds, la migraci\u00f3n inversa desde Estados Unidos. No obstante, inform\u00f3 que el mes de febrero cerr\u00f3 con<strong>&nbsp;410 migrantes que han entrado por la frontera de Colombia con Panam\u00e1<\/strong>, comparado con el mes de enero, cuando ingresaron 2,229 y migrantes, lo que representa una disminuci\u00f3n del 96%.<\/p>\n\n\n\n<figure class=\"wp-block-image size-full\"><a href=\"https:\/\/alminutonoticia.com\/noticias\/wp-content\/uploads\/2025\/02\/mulinos-770x470-1.jpg\"><img fetchpriority=\"high\" decoding=\"async\" width=\"770\" height=\"470\" src=\"https:\/\/alminutonoticia.com\/noticias\/wp-content\/uploads\/2025\/02\/mulinos-770x470-1.jpg\" alt=\"\" class=\"wp-image-14007\" title=\"\" srcset=\"https:\/\/alminutonoticia.com\/noticias\/wp-content\/uploads\/2025\/02\/mulinos-770x470-1.jpg 770w, https:\/\/alminutonoticia.com\/noticias\/wp-content\/uploads\/2025\/02\/mulinos-770x470-1-300x183.jpg 300w, https:\/\/alminutonoticia.com\/noticias\/wp-content\/uploads\/2025\/02\/mulinos-770x470-1-768x469.jpg 768w\" sizes=\"(max-width: 770px) 100vw, 770px\" \/><\/a><\/figure>\n","protected":false},"excerpt":{"rendered":"<p>M\u00e1s de B\/.100 millones, aproximadamente, invertir\u00e1 el Gobierno Nacional en el pa\u00eds como parte del Plan Nacional de Rehabilitaci\u00f3n de&nbsp;Plantas Potabilizadoras&nbsp;para abastecer de agua para el consumo humano y mejorar la calidad de vida a m\u00e1s de 330 mil paname\u00f1os, anunci\u00f3 hoy el presidente de la Rep\u00fablica, Jos\u00e9 Ra\u00fal Mulino. En su conferencia de prensa [&hellip;]<\/p>\n","protected":false},"author":3,"featured_media":14007,"comment_status":"open","ping_status":"open","sticky":false,"template":"","format":"standard","meta":{"footnotes":""},"categories":[36],"tags":[],"class_list":["post-14006","post","type-post","status-publish","format-standard","has-post-thumbnail","hentry","category-nacionales"],"_links":{"self":[{"href":"https:\/\/alminutonoticia.com\/noticias\/wp-json\/wp\/v2\/posts\/14006","targetHints":{"allow":["GET"]}}],"collection":[{"href":"https:\/\/alminutonoticia.com\/noticias\/wp-json\/wp\/v2\/posts"}],"about":[{"href":"https:\/\/alminutonoticia.com\/noticias\/wp-json\/wp\/v2\/types\/post"}],"author":[{"embeddable":true,"href":"https:\/\/alminutonoticia.com\/noticias\/wp-json\/wp\/v2\/users\/3"}],"replies":[{"embeddable":true,"href":"https:\/\/alminutonoticia.com\/noticias\/wp-json\/wp\/v2\/comments?post=14006"}],"version-history":[{"count":1,"href":"https:\/\/alminutonoticia.com\/noticias\/wp-json\/wp\/v2\/posts\/14006\/revisions"}],"predecessor-version":[{"id":14008,"href":"https:\/\/alminutonoticia.com\/noticias\/wp-json\/wp\/v2\/posts\/14006\/revisions\/14008"}],"wp:featuredmedia":[{"embeddable":true,"href":"https:\/\/alminutonoticia.com\/noticias\/wp-json\/wp\/v2\/media\/14007"}],"wp:attachment":[{"href":"https:\/\/alminutonoticia.com\/noticias\/wp-json\/wp\/v2\/media?parent=14006"}],"wp:term":[{"taxonomy":"category","embeddable":true,"href":"https:\/\/alminutonoticia.com\/noticias\/wp-json\/wp\/v2\/categories?post=14006"},{"taxonomy":"post_tag","embeddable":true,"href":"https:\/\/alminutonoticia.com\/noticias\/wp-json\/wp\/v2\/tags?post=14006"}],"curies":[{"name":"wp","href":"https:\/\/api.w.org\/{rel}","templated":true}]}}