{"id":14000,"date":"2025-02-28T11:35:22","date_gmt":"2025-02-28T11:35:22","guid":{"rendered":"https:\/\/alminutonoticia.com\/noticias\/?p=14000"},"modified":"2025-02-28T11:35:23","modified_gmt":"2025-02-28T11:35:23","slug":"se-espera-que-mas-de-146-mil-autos-viajen-al-interior-del-pais-por-el-carnaval-2025","status":"publish","type":"post","link":"https:\/\/alminutonoticia.com\/noticias\/se-espera-que-mas-de-146-mil-autos-viajen-al-interior-del-pais-por-el-carnaval-2025\/","title":{"rendered":"Se espera que m\u00e1s de 146 mil autos viajen al interior del pa\u00eds por el Carnaval 2025"},"content":{"rendered":"\n<p>La&nbsp;<strong>Autoridad de Tr\u00e1nsito y Transporte Terrestre (ATTT)<\/strong>&nbsp;anunci\u00f3 el despliegue de un operativo a nivel nacional para garantizar la seguridad vial durante las festividades del Carnaval 2025.<\/p>\n\n\n\n<p>\u201cLa seguridad de los ciudadanos es nuestra prioridad durante el&nbsp;<strong>Carnaval 2025<\/strong>. Hemos dise\u00f1ado un operativo que incluye la inversi\u00f3n de carriles, la presencia de inspectores en puntos estrat\u00e9gicos, y la implementaci\u00f3n de puntos de aforo para monitorear el flujo vehicular. Hacemos un llamado a la responsabilidad de los conductores y peatones para que juntos disfrutemos de unas festividades seguras\u201d, asegur\u00f3 Jorge Luis Abrego, director general de la ATTT.<\/p>\n\n\n\n<p>Para el Carnaval 2025, se prev\u00e9 superar los 146,466 veh\u00edculos que circularon en el Carnaval 2024. Se espera un notable desplazamiento de veh\u00edculos durante los d\u00edas viernes 28 de febrero y s\u00e1bado 1 de marzo, con una alta concentraci\u00f3n de usuarios hacia Panam\u00e1 Oeste, las provincias centrales, Veraguas y Chiriqu\u00ed.<\/p>\n\n\n\n<p>Por lo que la ATTT implementar\u00e1 un operativo din\u00e1mico de inversi\u00f3n de carriles en tramos clave de la Carretera Panamericana.<\/p>\n\n\n\n<ul class=\"wp-block-list\">\n<li>Hacia el interior del pa\u00eds: 12:00 p.m. a 8:00 p.m. los d\u00edas 28 de febrero y 1 de marzo de 2025.<\/li>\n\n\n\n<li>Retorno: 7:00 a.m. a 6:00 p.m. los d\u00edas 4 y 5 de marzo, sujeto a ajustes seg\u00fan el flujo vehicular.<\/li>\n<\/ul>\n\n\n\n<p>Para garantizar el cumplimiento de las normas de tr\u00e1nsito y brindar asistencia, estar\u00e1n desplegados 170 inspectores de la ATTT a nivel nacional y 805 unidades de la Direcci\u00f3n Nacional de Operaciones de Tr\u00e1nsito (DNOT) de la Polic\u00eda Nacional.<\/p>\n\n\n\n<p>Se establecer\u00e1n puntos de aforo en zonas estrat\u00e9gicas para monitorear el flujo vehicular:<\/p>\n\n\n\n<ul class=\"wp-block-list\">\n<li><strong>Sajalices:<\/strong>\u00a0Monitoreo del sector oeste y playas.<\/li>\n\n\n\n<li><strong>Santa Mar\u00eda:<\/strong>\u00a0Monitoreo de la afluencia hacia Azuero.<\/li>\n\n\n\n<li><strong>Divisa:<\/strong>\u00a0Monitoreo de la afluencia hacia Veraguas y Chiriqu\u00ed.<\/li>\n\n\n\n<li><strong>Las Garzas:<\/strong>\u00a0Monitoreo del sector este del pa\u00eds.<\/li>\n<\/ul>\n\n\n\n<p>Durante el Operativo del Carnaval 2024 se registraron 400 accidentes vehiculares. Lamentablemente, se reportaron cinco v\u00edctimas fatales debido a atropellos y colisiones en San Miguelito, Los Santos, Las Palmas de Veraguas y La Chorrera. Adem\u00e1s, 162 personas resultaron lesionadas durante las festividades. En cuanto a los veh\u00edculos, 938 fueron removidos de las v\u00edas por gr\u00faas como parte del operativo. La ATTT trabaja para reducir estas cifras, con el objetivo de que en el futuro no haya v\u00edctimas ni accidentes, garantizando la seguridad de todos en las v\u00edas.<\/p>\n\n\n\n<p><strong>Recomendaciones<\/strong><\/p>\n\n\n\n<ul class=\"wp-block-list\">\n<li>Planificar su viaje y salir con anticipaci\u00f3n.<\/li>\n\n\n\n<li>Respetar los l\u00edmites de velocidad y las se\u00f1ales de tr\u00e1nsito.<\/li>\n\n\n\n<li>No conducir bajo los efectos del alcohol.<\/li>\n\n\n\n<li>Revisar el estado mec\u00e1nico de los veh\u00edculos antes de viajar.<\/li>\n\n\n\n<li>Evitar distracciones como el uso del tel\u00e9fono m\u00f3vil, para mantenerse concentrado en la conducci\u00f3n.<\/li>\n\n\n\n<li>Si el viaje es largo, hacer descansos para evitar la fatiga y mantener la atenci\u00f3n al volante.<\/li>\n\n\n\n<li>Usar el cintur\u00f3n de seguridad.<\/li>\n<\/ul>\n\n\n\n<p><strong>A los peatones, se les recuerda:<\/strong><\/p>\n\n\n\n<ul class=\"wp-block-list\">\n<li>Mantener la precauci\u00f3n al cruzar las calles.<\/li>\n\n\n\n<li>Cruzar por las zonas designadas para peatones siempre que sea posible y respetar las se\u00f1ales de tr\u00e1nsito.<\/li>\n\n\n\n<li>Evitar el uso del tel\u00e9fono m\u00f3vil y auricular al caminar, para mantenerse alerta al entorno y a los veh\u00edculos.<\/li>\n\n\n\n<li>Usar ropa clara o reflectante en horas de la noche o en condiciones de poca luz para ser m\u00e1s visible para los conductores.<\/li>\n\n\n\n<li>Mirar a ambos lados antes de cruzar, incluso si el sem\u00e1foro est\u00e1 en verde para los peatones.<\/li>\n\n\n\n<li>Evitar cruzar calles de manera intempestiva o entre los veh\u00edculos en movimiento.<\/li>\n\n\n\n<li>Tener precauci\u00f3n al caminar cerca de veh\u00edculos estacionados, ya que estos podr\u00edan salir de manera repentina.<\/li>\n<\/ul>\n\n\n\n<figure class=\"wp-block-image size-full\"><a href=\"https:\/\/alminutonoticia.com\/noticias\/wp-content\/uploads\/2025\/02\/carriles.jpeg\"><img fetchpriority=\"high\" decoding=\"async\" width=\"770\" height=\"470\" src=\"https:\/\/alminutonoticia.com\/noticias\/wp-content\/uploads\/2025\/02\/carriles.jpeg\" alt=\"\" class=\"wp-image-14001\" title=\"\" srcset=\"https:\/\/alminutonoticia.com\/noticias\/wp-content\/uploads\/2025\/02\/carriles.jpeg 770w, https:\/\/alminutonoticia.com\/noticias\/wp-content\/uploads\/2025\/02\/carriles-300x183.jpeg 300w, https:\/\/alminutonoticia.com\/noticias\/wp-content\/uploads\/2025\/02\/carriles-768x469.jpeg 768w\" sizes=\"(max-width: 770px) 100vw, 770px\" \/><\/a><\/figure>\n","protected":false},"excerpt":{"rendered":"<p>La&nbsp;Autoridad de Tr\u00e1nsito y Transporte Terrestre (ATTT)&nbsp;anunci\u00f3 el despliegue de un operativo a nivel nacional para garantizar la seguridad vial durante las festividades del Carnaval 2025. \u201cLa seguridad de los ciudadanos es nuestra prioridad durante el&nbsp;Carnaval 2025. Hemos dise\u00f1ado un operativo que incluye la inversi\u00f3n de carriles, la presencia de inspectores en puntos estrat\u00e9gicos, y [&hellip;]<\/p>\n","protected":false},"author":3,"featured_media":14001,"comment_status":"open","ping_status":"open","sticky":false,"template":"","format":"standard","meta":{"footnotes":""},"categories":[36],"tags":[],"class_list":["post-14000","post","type-post","status-publish","format-standard","has-post-thumbnail","hentry","category-nacionales"],"_links":{"self":[{"href":"https:\/\/alminutonoticia.com\/noticias\/wp-json\/wp\/v2\/posts\/14000","targetHints":{"allow":["GET"]}}],"collection":[{"href":"https:\/\/alminutonoticia.com\/noticias\/wp-json\/wp\/v2\/posts"}],"about":[{"href":"https:\/\/alminutonoticia.com\/noticias\/wp-json\/wp\/v2\/types\/post"}],"author":[{"embeddable":true,"href":"https:\/\/alminutonoticia.com\/noticias\/wp-json\/wp\/v2\/users\/3"}],"replies":[{"embeddable":true,"href":"https:\/\/alminutonoticia.com\/noticias\/wp-json\/wp\/v2\/comments?post=14000"}],"version-history":[{"count":1,"href":"https:\/\/alminutonoticia.com\/noticias\/wp-json\/wp\/v2\/posts\/14000\/revisions"}],"predecessor-version":[{"id":14002,"href":"https:\/\/alminutonoticia.com\/noticias\/wp-json\/wp\/v2\/posts\/14000\/revisions\/14002"}],"wp:featuredmedia":[{"embeddable":true,"href":"https:\/\/alminutonoticia.com\/noticias\/wp-json\/wp\/v2\/media\/14001"}],"wp:attachment":[{"href":"https:\/\/alminutonoticia.com\/noticias\/wp-json\/wp\/v2\/media?parent=14000"}],"wp:term":[{"taxonomy":"category","embeddable":true,"href":"https:\/\/alminutonoticia.com\/noticias\/wp-json\/wp\/v2\/categories?post=14000"},{"taxonomy":"post_tag","embeddable":true,"href":"https:\/\/alminutonoticia.com\/noticias\/wp-json\/wp\/v2\/tags?post=14000"}],"curies":[{"name":"wp","href":"https:\/\/api.w.org\/{rel}","templated":true}]}}