{"id":13994,"date":"2025-02-28T11:31:38","date_gmt":"2025-02-28T11:31:38","guid":{"rendered":"https:\/\/alminutonoticia.com\/noticias\/?p=13994"},"modified":"2025-02-28T11:31:39","modified_gmt":"2025-02-28T11:31:39","slug":"detienen-a-carlos-perez-herrera-por-incumplimiento-de-deberes-familiares","status":"publish","type":"post","link":"https:\/\/alminutonoticia.com\/noticias\/detienen-a-carlos-perez-herrera-por-incumplimiento-de-deberes-familiares\/","title":{"rendered":"Detienen a Carlos P\u00e9rez Herrera por incumplimiento de deberes familiares"},"content":{"rendered":"\n<p>El exrepresentante del corregimiento de San Francisco y figura del Partido Revolucionario Democr\u00e1tico (PRD), Carlos P\u00e9rez Herrera, fue arrestado por incumplir con el pago de la pensi\u00f3n alimenticia, acumulando una deuda de m\u00e1s de $35,000.<\/p>\n\n\n\n<p>El Juzgado Tercero Municipal de Familia orden\u00f3 su detenci\u00f3n tras comprobar que manten\u00eda un atraso considerable en sus obligaciones econ\u00f3micas.<\/p>\n\n\n\n<p>El Centro Penitenciario de Tinajitas, en San Miguelito es donde est\u00e1 recluido.<\/p>\n\n\n\n<p>En Panam\u00e1, el incumplimiento de esta obligaci\u00f3n conlleva sanciones severas, que pueden incluir arresto preventivo y, en algunos casos, penas de c\u00e1rcel m\u00e1s prolongadas.<\/p>\n\n\n\n<figure class=\"wp-block-image size-full\"><a href=\"https:\/\/alminutonoticia.com\/noticias\/wp-content\/uploads\/2025\/02\/carlos-herres-1.jpg\"><img fetchpriority=\"high\" decoding=\"async\" width=\"530\" height=\"442\" src=\"https:\/\/alminutonoticia.com\/noticias\/wp-content\/uploads\/2025\/02\/carlos-herres-1.jpg\" alt=\"\" class=\"wp-image-13995\" title=\"\" srcset=\"https:\/\/alminutonoticia.com\/noticias\/wp-content\/uploads\/2025\/02\/carlos-herres-1.jpg 530w, https:\/\/alminutonoticia.com\/noticias\/wp-content\/uploads\/2025\/02\/carlos-herres-1-300x250.jpg 300w\" sizes=\"(max-width: 530px) 100vw, 530px\" \/><\/a><\/figure>\n","protected":false},"excerpt":{"rendered":"<p>El exrepresentante del corregimiento de San Francisco y figura del Partido Revolucionario Democr\u00e1tico (PRD), Carlos P\u00e9rez Herrera, fue arrestado por incumplir con el pago de la pensi\u00f3n alimenticia, acumulando una deuda de m\u00e1s de $35,000. El Juzgado Tercero Municipal de Familia orden\u00f3 su detenci\u00f3n tras comprobar que manten\u00eda un atraso considerable en sus obligaciones econ\u00f3micas. [&hellip;]<\/p>\n","protected":false},"author":3,"featured_media":13995,"comment_status":"open","ping_status":"open","sticky":false,"template":"","format":"standard","meta":{"footnotes":""},"categories":[36],"tags":[],"class_list":["post-13994","post","type-post","status-publish","format-standard","has-post-thumbnail","hentry","category-nacionales"],"_links":{"self":[{"href":"https:\/\/alminutonoticia.com\/noticias\/wp-json\/wp\/v2\/posts\/13994","targetHints":{"allow":["GET"]}}],"collection":[{"href":"https:\/\/alminutonoticia.com\/noticias\/wp-json\/wp\/v2\/posts"}],"about":[{"href":"https:\/\/alminutonoticia.com\/noticias\/wp-json\/wp\/v2\/types\/post"}],"author":[{"embeddable":true,"href":"https:\/\/alminutonoticia.com\/noticias\/wp-json\/wp\/v2\/users\/3"}],"replies":[{"embeddable":true,"href":"https:\/\/alminutonoticia.com\/noticias\/wp-json\/wp\/v2\/comments?post=13994"}],"version-history":[{"count":1,"href":"https:\/\/alminutonoticia.com\/noticias\/wp-json\/wp\/v2\/posts\/13994\/revisions"}],"predecessor-version":[{"id":13996,"href":"https:\/\/alminutonoticia.com\/noticias\/wp-json\/wp\/v2\/posts\/13994\/revisions\/13996"}],"wp:featuredmedia":[{"embeddable":true,"href":"https:\/\/alminutonoticia.com\/noticias\/wp-json\/wp\/v2\/media\/13995"}],"wp:attachment":[{"href":"https:\/\/alminutonoticia.com\/noticias\/wp-json\/wp\/v2\/media?parent=13994"}],"wp:term":[{"taxonomy":"category","embeddable":true,"href":"https:\/\/alminutonoticia.com\/noticias\/wp-json\/wp\/v2\/categories?post=13994"},{"taxonomy":"post_tag","embeddable":true,"href":"https:\/\/alminutonoticia.com\/noticias\/wp-json\/wp\/v2\/tags?post=13994"}],"curies":[{"name":"wp","href":"https:\/\/api.w.org\/{rel}","templated":true}]}}