{"id":13980,"date":"2025-02-26T02:54:25","date_gmt":"2025-02-26T02:54:25","guid":{"rendered":"https:\/\/alminutonoticia.com\/noticias\/?p=13980"},"modified":"2025-02-26T02:54:27","modified_gmt":"2025-02-26T02:54:27","slug":"aac-levanta-restricciones-al-uso-de-drones-durante-el-carnaval","status":"publish","type":"post","link":"https:\/\/alminutonoticia.com\/noticias\/aac-levanta-restricciones-al-uso-de-drones-durante-el-carnaval\/","title":{"rendered":"AAC levanta restricciones al uso de drones durante el carnaval"},"content":{"rendered":"\n<p>Los operadores de drones en Panam\u00e1 tendr\u00e1n m\u00e1s libertad durante el carnaval, luego de que la Autoridad Aeron\u00e1utica Civil&nbsp;<strong>(AAC)&nbsp;<\/strong>dejara sin efecto la Resoluci\u00f3n&nbsp;<strong>N\u00b0 054-25-DG-DJ-AAC,<\/strong>&nbsp;la cual establec\u00eda restricciones espec\u00edficas para su uso en estas festividades.<\/p>\n\n\n\n<p>La&nbsp;<strong>AAC&nbsp;<\/strong>explic\u00f3 que la decisi\u00f3n responde a la importancia de la cobertura medi\u00e1tica y la vistosidad del evento, factores que hacen que la operaci\u00f3n de drones juegue un papel relevante en la difusi\u00f3n del carnaval paname\u00f1o. Sin embargo,&nbsp;<strong>recalcaron que esto no implica un permiso absoluto&nbsp;<\/strong>para volar en cualquier lugar.<\/p>\n\n\n\n<p>Las restricciones contin\u00faan vigentes en \u00e1reas consideradas estrat\u00e9gicas para la seguridad nacional, tales como aeropuertos, estaciones de polic\u00eda, bancos, c\u00e1rceles y hospitales. Adem\u00e1s, quienes deseen operar drones deben seguir cumpliendo con la normativa general establecida en la Resoluci\u00f3n N\u00b0 004-2021-NRA-DG-AAC, publicada en la&nbsp;<strong>Gaceta Oficial N\u00b0 29276.<\/strong><\/p>\n\n\n\n<p>El carnaval es una de las festividades m\u00e1s ic\u00f3nicas de<strong>&nbsp;Panam\u00e1<\/strong>, y su celebraci\u00f3n atrae a miles de personas, tanto nacionales como extranjeras. Con esta medida, las autoridades buscan un equilibrio entre la seguridad y la promoci\u00f3n cultural, permitiendo el uso de tecnolog\u00eda para realzar la experiencia sin comprometer zonas sensibles.<\/p>\n\n\n\n<figure class=\"wp-block-image size-full\"><a href=\"https:\/\/alminutonoticia.com\/noticias\/wp-content\/uploads\/2025\/02\/drones-1.jpg\"><img fetchpriority=\"high\" decoding=\"async\" width=\"770\" height=\"470\" src=\"https:\/\/alminutonoticia.com\/noticias\/wp-content\/uploads\/2025\/02\/drones-1.jpg\" alt=\"\" class=\"wp-image-13981\" title=\"\" srcset=\"https:\/\/alminutonoticia.com\/noticias\/wp-content\/uploads\/2025\/02\/drones-1.jpg 770w, https:\/\/alminutonoticia.com\/noticias\/wp-content\/uploads\/2025\/02\/drones-1-300x183.jpg 300w, https:\/\/alminutonoticia.com\/noticias\/wp-content\/uploads\/2025\/02\/drones-1-768x469.jpg 768w\" sizes=\"(max-width: 770px) 100vw, 770px\" \/><\/a><\/figure>\n","protected":false},"excerpt":{"rendered":"<p>Los operadores de drones en Panam\u00e1 tendr\u00e1n m\u00e1s libertad durante el carnaval, luego de que la Autoridad Aeron\u00e1utica Civil&nbsp;(AAC)&nbsp;dejara sin efecto la Resoluci\u00f3n&nbsp;N\u00b0 054-25-DG-DJ-AAC,&nbsp;la cual establec\u00eda restricciones espec\u00edficas para su uso en estas festividades. La&nbsp;AAC&nbsp;explic\u00f3 que la decisi\u00f3n responde a la importancia de la cobertura medi\u00e1tica y la vistosidad del evento, factores que hacen que [&hellip;]<\/p>\n","protected":false},"author":3,"featured_media":13981,"comment_status":"open","ping_status":"open","sticky":false,"template":"","format":"standard","meta":{"footnotes":""},"categories":[36],"tags":[],"class_list":["post-13980","post","type-post","status-publish","format-standard","has-post-thumbnail","hentry","category-nacionales"],"_links":{"self":[{"href":"https:\/\/alminutonoticia.com\/noticias\/wp-json\/wp\/v2\/posts\/13980","targetHints":{"allow":["GET"]}}],"collection":[{"href":"https:\/\/alminutonoticia.com\/noticias\/wp-json\/wp\/v2\/posts"}],"about":[{"href":"https:\/\/alminutonoticia.com\/noticias\/wp-json\/wp\/v2\/types\/post"}],"author":[{"embeddable":true,"href":"https:\/\/alminutonoticia.com\/noticias\/wp-json\/wp\/v2\/users\/3"}],"replies":[{"embeddable":true,"href":"https:\/\/alminutonoticia.com\/noticias\/wp-json\/wp\/v2\/comments?post=13980"}],"version-history":[{"count":1,"href":"https:\/\/alminutonoticia.com\/noticias\/wp-json\/wp\/v2\/posts\/13980\/revisions"}],"predecessor-version":[{"id":13982,"href":"https:\/\/alminutonoticia.com\/noticias\/wp-json\/wp\/v2\/posts\/13980\/revisions\/13982"}],"wp:featuredmedia":[{"embeddable":true,"href":"https:\/\/alminutonoticia.com\/noticias\/wp-json\/wp\/v2\/media\/13981"}],"wp:attachment":[{"href":"https:\/\/alminutonoticia.com\/noticias\/wp-json\/wp\/v2\/media?parent=13980"}],"wp:term":[{"taxonomy":"category","embeddable":true,"href":"https:\/\/alminutonoticia.com\/noticias\/wp-json\/wp\/v2\/categories?post=13980"},{"taxonomy":"post_tag","embeddable":true,"href":"https:\/\/alminutonoticia.com\/noticias\/wp-json\/wp\/v2\/tags?post=13980"}],"curies":[{"name":"wp","href":"https:\/\/api.w.org\/{rel}","templated":true}]}}