{"id":13973,"date":"2025-02-26T02:46:53","date_gmt":"2025-02-26T02:46:53","guid":{"rendered":"https:\/\/alminutonoticia.com\/noticias\/?p=13973"},"modified":"2025-02-26T02:46:55","modified_gmt":"2025-02-26T02:46:55","slug":"operativo-en-marcha-para-rescatar-a-dayra-caicedo-joven-secuestrada-en-arraijan","status":"publish","type":"post","link":"https:\/\/alminutonoticia.com\/noticias\/operativo-en-marcha-para-rescatar-a-dayra-caicedo-joven-secuestrada-en-arraijan\/","title":{"rendered":"Operativo en marcha para rescatar a Dayra Caicedo, joven secuestrada en Arraij\u00e1n"},"content":{"rendered":"\n<p>Las autoridades intensifican los operativos para dar con el paradero de&nbsp;<strong>Dayra Caicedo,<\/strong>&nbsp;la joven de 23 a\u00f1os que fue secuestrada en Vista Alegre, Arraij\u00e1n el pasado 19 de febrero. As\u00ed lo confirm\u00f3 el ministro de Seguridad P\u00fablica, Frank \u00c1brego, quien asegur\u00f3 que las unidades especializadas trabajan sin descanso para su pronta ubicaci\u00f3n.<\/p>\n\n\n\n<p>\u00abEn este momento, todas nuestras unidades est\u00e1n en la calle trabajando en la b\u00fasqueda y el rescate de la joven. No podemos compartir m\u00e1s detalles porque esto podr\u00eda afectar el proceso investigativo\u00bb, se\u00f1al\u00f3 el ministro en una conferencia de prensa realizada este 25 de febrero.<\/p>\n\n\n\n<p>El caso, que est\u00e1 bajo la direcci\u00f3n del Ministerio P\u00fablico, podr\u00eda estar vinculado a actividades de pandillas, seg\u00fan indic\u00f3 \u00c1brego. Las investigaciones han llevado a la detenci\u00f3n provisional de un hombre de 43 a\u00f1os, adem\u00e1s de la realizaci\u00f3n de m\u00faltiples allanamientos en sectores como Parque Lefevre y Panam\u00e1 Viejo.<\/p>\n\n\n\n<p>El ministro tambi\u00e9n hizo un llamado a la responsabilidad en el manejo de la informaci\u00f3n, instando a los medios de comunicaci\u00f3n a no revelar detalles sensibles que puedan poner en riesgo la seguridad de la v\u00edctima.<\/p>\n\n\n\n<p>\u00abNuestro enfoque est\u00e1 en lograr su pronta liberaci\u00f3n y garantizar su bienestar. Seguimos trabajando con todas nuestras capacidades para resolver este caso\u00bb, concluy\u00f3 \u00c1brego.<\/p>\n\n\n\n<figure class=\"wp-block-image size-full\"><a href=\"https:\/\/alminutonoticia.com\/noticias\/wp-content\/uploads\/2025\/02\/abregos-770x470-1.jpg\"><img fetchpriority=\"high\" decoding=\"async\" width=\"770\" height=\"470\" src=\"https:\/\/alminutonoticia.com\/noticias\/wp-content\/uploads\/2025\/02\/abregos-770x470-1.jpg\" alt=\"\" class=\"wp-image-13974\" title=\"\" srcset=\"https:\/\/alminutonoticia.com\/noticias\/wp-content\/uploads\/2025\/02\/abregos-770x470-1.jpg 770w, https:\/\/alminutonoticia.com\/noticias\/wp-content\/uploads\/2025\/02\/abregos-770x470-1-300x183.jpg 300w, https:\/\/alminutonoticia.com\/noticias\/wp-content\/uploads\/2025\/02\/abregos-770x470-1-768x469.jpg 768w\" sizes=\"(max-width: 770px) 100vw, 770px\" \/><\/a><\/figure>\n","protected":false},"excerpt":{"rendered":"<p>Las autoridades intensifican los operativos para dar con el paradero de&nbsp;Dayra Caicedo,&nbsp;la joven de 23 a\u00f1os que fue secuestrada en Vista Alegre, Arraij\u00e1n el pasado 19 de febrero. As\u00ed lo confirm\u00f3 el ministro de Seguridad P\u00fablica, Frank \u00c1brego, quien asegur\u00f3 que las unidades especializadas trabajan sin descanso para su pronta ubicaci\u00f3n. \u00abEn este momento, todas [&hellip;]<\/p>\n","protected":false},"author":3,"featured_media":13974,"comment_status":"open","ping_status":"open","sticky":false,"template":"","format":"standard","meta":{"footnotes":""},"categories":[36],"tags":[],"class_list":["post-13973","post","type-post","status-publish","format-standard","has-post-thumbnail","hentry","category-nacionales"],"_links":{"self":[{"href":"https:\/\/alminutonoticia.com\/noticias\/wp-json\/wp\/v2\/posts\/13973","targetHints":{"allow":["GET"]}}],"collection":[{"href":"https:\/\/alminutonoticia.com\/noticias\/wp-json\/wp\/v2\/posts"}],"about":[{"href":"https:\/\/alminutonoticia.com\/noticias\/wp-json\/wp\/v2\/types\/post"}],"author":[{"embeddable":true,"href":"https:\/\/alminutonoticia.com\/noticias\/wp-json\/wp\/v2\/users\/3"}],"replies":[{"embeddable":true,"href":"https:\/\/alminutonoticia.com\/noticias\/wp-json\/wp\/v2\/comments?post=13973"}],"version-history":[{"count":1,"href":"https:\/\/alminutonoticia.com\/noticias\/wp-json\/wp\/v2\/posts\/13973\/revisions"}],"predecessor-version":[{"id":13975,"href":"https:\/\/alminutonoticia.com\/noticias\/wp-json\/wp\/v2\/posts\/13973\/revisions\/13975"}],"wp:featuredmedia":[{"embeddable":true,"href":"https:\/\/alminutonoticia.com\/noticias\/wp-json\/wp\/v2\/media\/13974"}],"wp:attachment":[{"href":"https:\/\/alminutonoticia.com\/noticias\/wp-json\/wp\/v2\/media?parent=13973"}],"wp:term":[{"taxonomy":"category","embeddable":true,"href":"https:\/\/alminutonoticia.com\/noticias\/wp-json\/wp\/v2\/categories?post=13973"},{"taxonomy":"post_tag","embeddable":true,"href":"https:\/\/alminutonoticia.com\/noticias\/wp-json\/wp\/v2\/tags?post=13973"}],"curies":[{"name":"wp","href":"https:\/\/api.w.org\/{rel}","templated":true}]}}