{"id":13970,"date":"2025-02-26T02:43:27","date_gmt":"2025-02-26T02:43:27","guid":{"rendered":"https:\/\/alminutonoticia.com\/noticias\/?p=13970"},"modified":"2025-02-26T02:43:29","modified_gmt":"2025-02-26T02:43:29","slug":"operativo-carnaval-2025-contara-con-mas-de-17-mil-unidades-de-los-estamentos-de-seguridad","status":"publish","type":"post","link":"https:\/\/alminutonoticia.com\/noticias\/operativo-carnaval-2025-contara-con-mas-de-17-mil-unidades-de-los-estamentos-de-seguridad\/","title":{"rendered":"Operativo Carnaval 2025 contar\u00e1 con m\u00e1s de 17 mil unidades de los estamentos de seguridad"},"content":{"rendered":"\n<p>Tras los lineamientos del Plan Firmeza, a trav\u00e9s del Presidente de la Rep\u00fablica, el Ministro de Gobierno y el Director General de la Polic\u00eda juntos a sus hom\u00f3logos&nbsp; de los otros&nbsp;<strong>Estamentos de Seguridad y Organismos de Emergencia Nacional,<\/strong>&nbsp;consolidan la ejecuci\u00f3n de los dispositivos de seguridad y vigilancia vial, a partir del 28 de febrero al<strong>&nbsp;5 de marzo de 2025,<\/strong>&nbsp;ante la celebraci\u00f3n de &nbsp;los \u00abCarnavales 2025\u00bb en todo el pa\u00eds, donde se espera un \u00e9xodo masivo hacia el interior de la Rep\u00fablica y otros puntos.<\/p>\n\n\n\n<p>Los uniformados de los&nbsp;<strong>Estamentos de Seguridad,&nbsp;<\/strong>intensificar\u00e1n los patrullajes urbanos, rurales, a\u00e9reos y mar\u00edtimos, para garantizar la vida e integridad f\u00edsica y bienes de nacionales y extranjeros que se encuentren en el pa\u00eds.<\/p>\n\n\n\n<p>El Ministro de Seguridad P\u00fablica,&nbsp;<strong>Frank \u00c1brego,&nbsp;<\/strong>durante la conferencia de prensa, indic\u00f3, que se dar\u00e1 cumplimiento con la seguridad nacional, con unas&nbsp;<strong>17,075 unidades de los Estamentos de Seguridad,<\/strong>&nbsp;de ellos 12,464 de la Polic\u00eda Nacional, 3,038 del Senan,&nbsp;<strong>1,076 del Senafront<\/strong>, 645 del Servicio Nacional de Migraci\u00f3n y<strong>&nbsp;752 del SUME<\/strong>. As\u00ed como tambi\u00e9n, el servicio activo de las ambulancias avanzadas, veh\u00edculos para desplazamiento terrestre, embarcaciones, patrullajes en costas, aeronaves, vigilancia en las principales v\u00edas de la capital y el interior del pa\u00eds, c\u00e1maras de vigilancia, rescatistas, voluntarios, param\u00e9dicos, buzos y oficiales de polic\u00eda, cuyo misi\u00f3n espec\u00edfica de garantizar y fortalecer la seguridad en Carnaval 2025.<\/p>\n\n\n\n<p><strong>Polic\u00eda Nacional<\/strong><\/p>\n\n\n\n<p>La&nbsp;<strong>Polic\u00eda Nacional&nbsp;<\/strong>reafirma su compromiso con la seguridad ciudadana durante el&nbsp;<strong>Carnaval 2025,&nbsp;<\/strong>desplegar\u00e1&nbsp;<strong>12 mil 464 efectivos policiales,<\/strong>&nbsp;para consolidar&nbsp; el bienestar de los ciudadanos y turistas nacionales y extranjeros. Se implementar\u00e1n medidas especiales, entre otras articulaciones preventivas y operativas en la ruta del Carnaval, adem\u00e1s las \u00e1reas contiguas a las de acceso en las diversas actividades, garantizando que las celebraciones se promuevan en orden y sana convivencia.<\/p>\n\n\n\n<figure class=\"wp-block-image size-full\"><a href=\"https:\/\/alminutonoticia.com\/noticias\/wp-content\/uploads\/2025\/02\/suavecesss-770x462-1.jpeg\"><img fetchpriority=\"high\" decoding=\"async\" width=\"770\" height=\"462\" src=\"https:\/\/alminutonoticia.com\/noticias\/wp-content\/uploads\/2025\/02\/suavecesss-770x462-1.jpeg\" alt=\"\" class=\"wp-image-13971\" title=\"\" srcset=\"https:\/\/alminutonoticia.com\/noticias\/wp-content\/uploads\/2025\/02\/suavecesss-770x462-1.jpeg 770w, https:\/\/alminutonoticia.com\/noticias\/wp-content\/uploads\/2025\/02\/suavecesss-770x462-1-300x180.jpeg 300w, https:\/\/alminutonoticia.com\/noticias\/wp-content\/uploads\/2025\/02\/suavecesss-770x462-1-768x461.jpeg 768w\" sizes=\"(max-width: 770px) 100vw, 770px\" \/><\/a><\/figure>\n","protected":false},"excerpt":{"rendered":"<p>Tras los lineamientos del Plan Firmeza, a trav\u00e9s del Presidente de la Rep\u00fablica, el Ministro de Gobierno y el Director General de la Polic\u00eda juntos a sus hom\u00f3logos&nbsp; de los otros&nbsp;Estamentos de Seguridad y Organismos de Emergencia Nacional,&nbsp;consolidan la ejecuci\u00f3n de los dispositivos de seguridad y vigilancia vial, a partir del 28 de febrero al&nbsp;5 [&hellip;]<\/p>\n","protected":false},"author":3,"featured_media":13971,"comment_status":"open","ping_status":"open","sticky":false,"template":"","format":"standard","meta":{"footnotes":""},"categories":[36],"tags":[],"class_list":["post-13970","post","type-post","status-publish","format-standard","has-post-thumbnail","hentry","category-nacionales"],"_links":{"self":[{"href":"https:\/\/alminutonoticia.com\/noticias\/wp-json\/wp\/v2\/posts\/13970","targetHints":{"allow":["GET"]}}],"collection":[{"href":"https:\/\/alminutonoticia.com\/noticias\/wp-json\/wp\/v2\/posts"}],"about":[{"href":"https:\/\/alminutonoticia.com\/noticias\/wp-json\/wp\/v2\/types\/post"}],"author":[{"embeddable":true,"href":"https:\/\/alminutonoticia.com\/noticias\/wp-json\/wp\/v2\/users\/3"}],"replies":[{"embeddable":true,"href":"https:\/\/alminutonoticia.com\/noticias\/wp-json\/wp\/v2\/comments?post=13970"}],"version-history":[{"count":1,"href":"https:\/\/alminutonoticia.com\/noticias\/wp-json\/wp\/v2\/posts\/13970\/revisions"}],"predecessor-version":[{"id":13972,"href":"https:\/\/alminutonoticia.com\/noticias\/wp-json\/wp\/v2\/posts\/13970\/revisions\/13972"}],"wp:featuredmedia":[{"embeddable":true,"href":"https:\/\/alminutonoticia.com\/noticias\/wp-json\/wp\/v2\/media\/13971"}],"wp:attachment":[{"href":"https:\/\/alminutonoticia.com\/noticias\/wp-json\/wp\/v2\/media?parent=13970"}],"wp:term":[{"taxonomy":"category","embeddable":true,"href":"https:\/\/alminutonoticia.com\/noticias\/wp-json\/wp\/v2\/categories?post=13970"},{"taxonomy":"post_tag","embeddable":true,"href":"https:\/\/alminutonoticia.com\/noticias\/wp-json\/wp\/v2\/tags?post=13970"}],"curies":[{"name":"wp","href":"https:\/\/api.w.org\/{rel}","templated":true}]}}