{"id":13967,"date":"2025-02-26T02:40:52","date_gmt":"2025-02-26T02:40:52","guid":{"rendered":"https:\/\/alminutonoticia.com\/noticias\/?p=13967"},"modified":"2025-02-26T02:40:54","modified_gmt":"2025-02-26T02:40:54","slug":"universidad-de-panama-abre-periodo-de-matricula-para-el-primer-semestre-de-2025","status":"publish","type":"post","link":"https:\/\/alminutonoticia.com\/noticias\/universidad-de-panama-abre-periodo-de-matricula-para-el-primer-semestre-de-2025\/","title":{"rendered":"Universidad de Panam\u00e1 abre per\u00edodo de matr\u00edcula para el primer semestre de 2025"},"content":{"rendered":"\n<p>La&nbsp;<strong>Universidad de Panam\u00e1<\/strong>&nbsp;anunci\u00f3 que el per\u00edodo de matr\u00edcula para el primer semestre de 2025 se llevar\u00e1 a cabo del 3 al 8 de marzo, y se espera que&nbsp;<strong>92 mil estudiantes&nbsp;<\/strong>se matriculen en este a\u00f1o acad\u00e9mico, incluyendo 20 mil de nuevos ingresos.<\/p>\n\n\n\n<p>Al respecto, la Secretar\u00eda General de la primera casa de estudios superiores inform\u00f3 que el proceso se&nbsp;<strong>realizar\u00e1 de manera escalonada,<\/strong>&nbsp;seg\u00fan el a\u00f1o de ingreso de los estudiantes.<\/p>\n\n\n\n<p>De igual forma, destacaron que el&nbsp;<strong>Calendario de Matr\u00edcula&nbsp;<\/strong>se efectuar\u00e1 de la siguiente manera:<\/p>\n\n\n\n<p><strong>Primer ingreso: Del 3 al 8 de marzo<\/strong><\/p>\n\n\n\n<p>II, I a\u00f1o y primer ingreso: 10 y 11 de marzo<\/p>\n\n\n\n<p><strong>III, II, I a\u00f1o y primer ingreso: 12 y 13 de marzo<\/strong><\/p>\n\n\n\n<p>IV, III, II, I a\u00f1o y primer ingreso: 14 y 17 de marzo<\/p>\n\n\n\n<p><strong>V, IV, III, II, I a\u00f1o, primer ingreso y casos especiales: Del 18 al 22 de marzo<\/strong><\/p>\n\n\n\n<p><strong>Sigma Lambda: A partir del 10 de marzo<\/strong><\/p>\n\n\n\n<p>Para el proceso de matr\u00edcula, los estudiantes deben confirmar, generar e imprimir el formulario para luego realizar el pago utilizando los m\u00e9todos autorizados a trav\u00e9s de la plataforma en l\u00ednea:&nbsp;<a href=\"http:\/\/uppagos.up.ac.pa\/\" target=\"_blank\" rel=\"noreferrer noopener\">http:\/\/uppagos.up.ac.pa\/<\/a>.<\/p>\n\n\n\n<p>Cabe mencionar que esta plataforma estar\u00e1 habilitada del 4 al 5 de abril. Para mayor informaci\u00f3n y acceso al proceso de matr\u00edcula, visite:\u00a0<a href=\"https:\/\/matricula.up.ac.pa\/\" target=\"_blank\" rel=\"noreferrer noopener\">https:\/\/matricula.up.ac.pa\/<\/a>.<\/p>\n\n\n\n<figure class=\"wp-block-image size-full\"><a href=\"https:\/\/alminutonoticia.com\/noticias\/wp-content\/uploads\/2025\/02\/up-1-1-1.jpg\"><img fetchpriority=\"high\" decoding=\"async\" width=\"680\" height=\"407\" src=\"https:\/\/alminutonoticia.com\/noticias\/wp-content\/uploads\/2025\/02\/up-1-1-1.jpg\" alt=\"\" class=\"wp-image-13968\" title=\"\" srcset=\"https:\/\/alminutonoticia.com\/noticias\/wp-content\/uploads\/2025\/02\/up-1-1-1.jpg 680w, https:\/\/alminutonoticia.com\/noticias\/wp-content\/uploads\/2025\/02\/up-1-1-1-300x180.jpg 300w\" sizes=\"(max-width: 680px) 100vw, 680px\" \/><\/a><\/figure>\n\n\n\n<p><a href=\"https:\/\/informatpanama.com\/author\/redaccionit\/\" target=\"_blank\" rel=\"noopener\"><\/a><\/p>\n","protected":false},"excerpt":{"rendered":"<p>La&nbsp;Universidad de Panam\u00e1&nbsp;anunci\u00f3 que el per\u00edodo de matr\u00edcula para el primer semestre de 2025 se llevar\u00e1 a cabo del 3 al 8 de marzo, y se espera que&nbsp;92 mil estudiantes&nbsp;se matriculen en este a\u00f1o acad\u00e9mico, incluyendo 20 mil de nuevos ingresos. Al respecto, la Secretar\u00eda General de la primera casa de estudios superiores inform\u00f3 que [&hellip;]<\/p>\n","protected":false},"author":3,"featured_media":13968,"comment_status":"open","ping_status":"open","sticky":false,"template":"","format":"standard","meta":{"footnotes":""},"categories":[36],"tags":[],"class_list":["post-13967","post","type-post","status-publish","format-standard","has-post-thumbnail","hentry","category-nacionales"],"_links":{"self":[{"href":"https:\/\/alminutonoticia.com\/noticias\/wp-json\/wp\/v2\/posts\/13967","targetHints":{"allow":["GET"]}}],"collection":[{"href":"https:\/\/alminutonoticia.com\/noticias\/wp-json\/wp\/v2\/posts"}],"about":[{"href":"https:\/\/alminutonoticia.com\/noticias\/wp-json\/wp\/v2\/types\/post"}],"author":[{"embeddable":true,"href":"https:\/\/alminutonoticia.com\/noticias\/wp-json\/wp\/v2\/users\/3"}],"replies":[{"embeddable":true,"href":"https:\/\/alminutonoticia.com\/noticias\/wp-json\/wp\/v2\/comments?post=13967"}],"version-history":[{"count":1,"href":"https:\/\/alminutonoticia.com\/noticias\/wp-json\/wp\/v2\/posts\/13967\/revisions"}],"predecessor-version":[{"id":13969,"href":"https:\/\/alminutonoticia.com\/noticias\/wp-json\/wp\/v2\/posts\/13967\/revisions\/13969"}],"wp:featuredmedia":[{"embeddable":true,"href":"https:\/\/alminutonoticia.com\/noticias\/wp-json\/wp\/v2\/media\/13968"}],"wp:attachment":[{"href":"https:\/\/alminutonoticia.com\/noticias\/wp-json\/wp\/v2\/media?parent=13967"}],"wp:term":[{"taxonomy":"category","embeddable":true,"href":"https:\/\/alminutonoticia.com\/noticias\/wp-json\/wp\/v2\/categories?post=13967"},{"taxonomy":"post_tag","embeddable":true,"href":"https:\/\/alminutonoticia.com\/noticias\/wp-json\/wp\/v2\/tags?post=13967"}],"curies":[{"name":"wp","href":"https:\/\/api.w.org\/{rel}","templated":true}]}}