{"id":13952,"date":"2025-02-24T12:37:57","date_gmt":"2025-02-24T12:37:57","guid":{"rendered":"https:\/\/alminutonoticia.com\/noticias\/?p=13952"},"modified":"2025-02-24T12:50:23","modified_gmt":"2025-02-24T12:50:23","slug":"anuncian-los-artistas-que-encenderan-el-festival-carnavalistico","status":"publish","type":"post","link":"https:\/\/alminutonoticia.com\/noticias\/anuncian-los-artistas-que-encenderan-el-festival-carnavalistico\/","title":{"rendered":"Anuncian los artistas que encender\u00e1n el Festival Carnaval\u00edstico"},"content":{"rendered":"\n<p>Del 28 de febrero al 4 de marzo, la Cinta Costera ser\u00e1 el epicentro del Festival Carnaval\u00edstico 2024, un evento lleno de m\u00fasica, baile y entretenimiento.<\/p>\n\n\n\n<p>Con un cartel de lujo, el festival contar\u00e1 con artistas como Akim, Anyuri, Eddy Lover, Mr. Saik, RD Maravilla, Valentino y Young Luigui, junto a talentosos DJs residentes como DJ Yellow, DJ Draff, DJ Cachi y DJ Mario V.<\/p>\n\n\n\n<figure class=\"wp-block-image size-full\"><a href=\"https:\/\/alminutonoticia.com\/noticias\/wp-content\/uploads\/2025\/02\/carna-.jpg\"><img fetchpriority=\"high\" decoding=\"async\" width=\"615\" height=\"540\" src=\"https:\/\/alminutonoticia.com\/noticias\/wp-content\/uploads\/2025\/02\/carna-.jpg\" alt=\"\" class=\"wp-image-13953\" title=\"\" srcset=\"https:\/\/alminutonoticia.com\/noticias\/wp-content\/uploads\/2025\/02\/carna-.jpg 615w, https:\/\/alminutonoticia.com\/noticias\/wp-content\/uploads\/2025\/02\/carna--300x263.jpg 300w\" sizes=\"(max-width: 615px) 100vw, 615px\" \/><\/a><\/figure>\n\n\n\n<p>Adem\u00e1s, la apertura estar\u00e1 a cargo de destacadas agrupaciones nacionales.<\/p>\n\n\n\n<p>Para el disfrute de toda la familia, el festival contar\u00e1 con el Callej\u00f3n del Hambre, donde se podr\u00e1 degustar una gran variedad de comidas y bebidas, y el Play Land Park, un espacio de diversi\u00f3n con atracciones para grandes y chicos.<\/p>\n\n\n\n<figure class=\"wp-block-image size-full\"><a href=\"https:\/\/alminutonoticia.com\/noticias\/wp-content\/uploads\/2025\/02\/carnavales-11.jpg\"><img decoding=\"async\" width=\"770\" height=\"470\" src=\"https:\/\/alminutonoticia.com\/noticias\/wp-content\/uploads\/2025\/02\/carnavales-11.jpg\" alt=\"\" class=\"wp-image-13954\" title=\"\" srcset=\"https:\/\/alminutonoticia.com\/noticias\/wp-content\/uploads\/2025\/02\/carnavales-11.jpg 770w, https:\/\/alminutonoticia.com\/noticias\/wp-content\/uploads\/2025\/02\/carnavales-11-300x183.jpg 300w, https:\/\/alminutonoticia.com\/noticias\/wp-content\/uploads\/2025\/02\/carnavales-11-768x469.jpg 768w\" sizes=\"(max-width: 770px) 100vw, 770px\" \/><\/a><figcaption class=\"wp-element-caption\">CORPRENSA\/24-FEBRERO-2020\/ROM\u00c1N DIBULET, Culecos del lun s de carnaval en la Cinta Costera<\/figcaption><\/figure>\n","protected":false},"excerpt":{"rendered":"<p>Del 28 de febrero al 4 de marzo, la Cinta Costera ser\u00e1 el epicentro del Festival Carnaval\u00edstico 2024, un evento lleno de m\u00fasica, baile y entretenimiento. Con un cartel de lujo, el festival contar\u00e1 con artistas como Akim, Anyuri, Eddy Lover, Mr. Saik, RD Maravilla, Valentino y Young Luigui, junto a talentosos DJs residentes como [&hellip;]<\/p>\n","protected":false},"author":3,"featured_media":13954,"comment_status":"open","ping_status":"open","sticky":false,"template":"","format":"standard","meta":{"footnotes":""},"categories":[36],"tags":[],"class_list":["post-13952","post","type-post","status-publish","format-standard","has-post-thumbnail","hentry","category-nacionales"],"_links":{"self":[{"href":"https:\/\/alminutonoticia.com\/noticias\/wp-json\/wp\/v2\/posts\/13952","targetHints":{"allow":["GET"]}}],"collection":[{"href":"https:\/\/alminutonoticia.com\/noticias\/wp-json\/wp\/v2\/posts"}],"about":[{"href":"https:\/\/alminutonoticia.com\/noticias\/wp-json\/wp\/v2\/types\/post"}],"author":[{"embeddable":true,"href":"https:\/\/alminutonoticia.com\/noticias\/wp-json\/wp\/v2\/users\/3"}],"replies":[{"embeddable":true,"href":"https:\/\/alminutonoticia.com\/noticias\/wp-json\/wp\/v2\/comments?post=13952"}],"version-history":[{"count":1,"href":"https:\/\/alminutonoticia.com\/noticias\/wp-json\/wp\/v2\/posts\/13952\/revisions"}],"predecessor-version":[{"id":13955,"href":"https:\/\/alminutonoticia.com\/noticias\/wp-json\/wp\/v2\/posts\/13952\/revisions\/13955"}],"wp:featuredmedia":[{"embeddable":true,"href":"https:\/\/alminutonoticia.com\/noticias\/wp-json\/wp\/v2\/media\/13954"}],"wp:attachment":[{"href":"https:\/\/alminutonoticia.com\/noticias\/wp-json\/wp\/v2\/media?parent=13952"}],"wp:term":[{"taxonomy":"category","embeddable":true,"href":"https:\/\/alminutonoticia.com\/noticias\/wp-json\/wp\/v2\/categories?post=13952"},{"taxonomy":"post_tag","embeddable":true,"href":"https:\/\/alminutonoticia.com\/noticias\/wp-json\/wp\/v2\/tags?post=13952"}],"curies":[{"name":"wp","href":"https:\/\/api.w.org\/{rel}","templated":true}]}}