{"id":13949,"date":"2025-02-24T12:32:36","date_gmt":"2025-02-24T12:32:36","guid":{"rendered":"https:\/\/alminutonoticia.com\/noticias\/?p=13949"},"modified":"2025-02-24T12:32:40","modified_gmt":"2025-02-24T12:32:40","slug":"sepresac-avanza-en-los-esfuerzos-para-lograr-una-nueva-constitucion-en-el-2029","status":"publish","type":"post","link":"https:\/\/alminutonoticia.com\/noticias\/sepresac-avanza-en-los-esfuerzos-para-lograr-una-nueva-constitucion-en-el-2029\/","title":{"rendered":"Sepresac avanza en los esfuerzos para lograr una nueva constituci\u00f3n en el 2029"},"content":{"rendered":"\n<p>La Secretar\u00eda Presidencial para la Reorganizaci\u00f3n del Estado y&nbsp;<strong>Asuntos Constitucionales (Sepresac)<\/strong>, del Ministerio de la Presidencia, llev\u00f3 a cabo hoy una nueva Jornada de<strong>&nbsp;Alfabetizaci\u00f3n Constitucional<\/strong>&nbsp;con servidores p\u00fablicos de diversas entidades, para sumarlos al proceso de pa\u00eds que busca generar una nueva carga magna para el 2029 para todos los paname\u00f1os.&nbsp;<\/p>\n\n\n\n<p>En el encuentro, que se realiz\u00f3 en el Sal\u00f3n Asamblea del Ministerio de Gobierno en la capital, funcionarios de diversas entidades aut\u00f3nomas, semiaut\u00f3nomas y ministerios, junto al asesor presidencial y coordinador de la Sepresac,<strong>&nbsp;Miguel Antonio Bernal,&nbsp;<\/strong>analizaron la realidad del pa\u00eds y la importancia de que Panam\u00e1 cuente con una nueva constituci\u00f3n, lograda mediante un proceso democr\u00e1tico, participativo e inclusivo, entre todos los sectores.<\/p>\n\n\n\n<p>\u201cLos alfabetizadores necesitamos ser alfabetizados, pero la importancia y la trascendencia de esta jornada es que estamos con servidores p\u00fablicos que, por la funci\u00f3n y el cargo que ocupan, est\u00e1n llamados a tener un papel destacado en la alfabetizaci\u00f3n, que para el proceso&nbsp;<strong>constituyente&nbsp;<\/strong>es la primera fase que nos debe permitir, sin prisa, pero sin pausa, a lo largo de estos pr\u00f3ximos cuatro a\u00f1os, adelantar todos los pasos con el fin de tener para el 2029 una nueva constituci\u00f3n que sea el resultado de la participaci\u00f3n de todos los sectores del pa\u00eds.<strong>&nbsp;<\/strong>Que sea una&nbsp;<strong>constituci\u00f3n moderna,<\/strong>&nbsp;democr\u00e1tica y que sea la casa de todos los ciudadanos\u201d, explic\u00f3 Bernal.<\/p>\n\n\n\n<p>En esta primera fase para lograr la nueva constituci\u00f3n a trav\u00e9s de una reforma constitucional originaria, la Sepresac busca concienciar, informar, motivar y educar a quienes se convertir\u00e1n en&nbsp;<strong>\u201cagentes de cambio\u201d,&nbsp;<\/strong>la voz o los multiplicadores de esta iniciativa, cuyo \u00e9xito est\u00e1 en el aporte y participaci\u00f3n de todos los ciudadanos, sobre todo al momento de escoger a los constituyentes.&nbsp;<\/p>\n\n\n\n<p>En esta fase se prev\u00e9 recibir la retroalimentaci\u00f3n de las sugerencias que se presenten para establecer cu\u00e1les ser\u00edan los mecanismos de elecci\u00f3n de los&nbsp;<strong>constituyentes.<\/strong><\/p>\n\n\n\n<p>\u201cEstamos gui\u00e1ndonos con lo que se hizo en el a\u00f1o 45; es decir, siguiendo los pasos de algo que fue propio de&nbsp;<strong>Panam\u00e1<\/strong>&nbsp;y actualiz\u00e1ndolo en el sentido de que sea m\u00e1s democr\u00e1tico, participativo y representativo\u201d, a\u00f1adi\u00f3 Bernal.<\/p>\n\n\n\n<p>Por el momento no hay nada escrito del proceso y \u201cser\u00e1 con la participaci\u00f3n de todos, que es la m\u00e1s efectiva alfabetizaci\u00f3n que se pueda dar\u201d.<\/p>\n\n\n\n<p>Sobre la importancia de una nueva carta magna,&nbsp;<strong>el jurista<\/strong>&nbsp;indic\u00f3 que ese es otro aspecto de la alfabetizaci\u00f3n, la motivaci\u00f3n necesaria para provocar e invocar la participaci\u00f3n y palpar, entre todos, \u201cla necesidad y urgencia\u201d de una nueva constituci\u00f3n. Se quiere hacer sin prisa, pero sin pausa y sin alterar los tiempos correspondientes de las autoridades electas el pasado a\u00f1o, por este espacio de cuatro a\u00f1os, de manera que, en&nbsp;<strong>2029,<\/strong>&nbsp;Panam\u00e1 celebre no solamente un nuevo a\u00f1o, sino un nuevo pacto social.<\/p>\n\n\n\n<p>El proceso de alfabetizaci\u00f3n constitucional para cambiar la actual&nbsp;<strong>Carta Magna<\/strong>&nbsp;\u201cque no da para m\u00e1s y ha recibido cuatro parches en las \u00faltimas d\u00e9cadas\u201d continuar\u00e1 en los pr\u00f3ximos d\u00edas con funcionarios de la&nbsp;<strong>Caja de Seguro Social<\/strong>, de los ministerios de Ambiente y Desarrollo Social. Tambi\u00e9n est\u00e1 previsto un cabildo abierto el 15 de marzo en&nbsp;<strong>Santiago, provincia de Veraguas;<\/strong>&nbsp;el 22 de marzo en Chitr\u00e9, Herrera; y se programan las respectivas jornadas en los pueblos originarios en las provincias de&nbsp;<strong>Bocas Del Toro<\/strong>&nbsp;y Chiriqu\u00ed, cuyas fechas est\u00e1n por confirmarse.<\/p>\n\n\n\n<figure class=\"wp-block-image size-full\"><a href=\"https:\/\/alminutonoticia.com\/noticias\/wp-content\/uploads\/2025\/02\/bernal-770x470-1.jpg\"><img fetchpriority=\"high\" decoding=\"async\" width=\"770\" height=\"470\" src=\"https:\/\/alminutonoticia.com\/noticias\/wp-content\/uploads\/2025\/02\/bernal-770x470-1.jpg\" alt=\"\" class=\"wp-image-13950\" title=\"\" srcset=\"https:\/\/alminutonoticia.com\/noticias\/wp-content\/uploads\/2025\/02\/bernal-770x470-1.jpg 770w, https:\/\/alminutonoticia.com\/noticias\/wp-content\/uploads\/2025\/02\/bernal-770x470-1-300x183.jpg 300w, https:\/\/alminutonoticia.com\/noticias\/wp-content\/uploads\/2025\/02\/bernal-770x470-1-768x469.jpg 768w\" sizes=\"(max-width: 770px) 100vw, 770px\" \/><\/a><\/figure>\n","protected":false},"excerpt":{"rendered":"<p>La Secretar\u00eda Presidencial para la Reorganizaci\u00f3n del Estado y&nbsp;Asuntos Constitucionales (Sepresac), del Ministerio de la Presidencia, llev\u00f3 a cabo hoy una nueva Jornada de&nbsp;Alfabetizaci\u00f3n Constitucional&nbsp;con servidores p\u00fablicos de diversas entidades, para sumarlos al proceso de pa\u00eds que busca generar una nueva carga magna para el 2029 para todos los paname\u00f1os.&nbsp; En el encuentro, que se [&hellip;]<\/p>\n","protected":false},"author":3,"featured_media":13950,"comment_status":"open","ping_status":"open","sticky":false,"template":"","format":"standard","meta":{"footnotes":""},"categories":[36],"tags":[],"class_list":["post-13949","post","type-post","status-publish","format-standard","has-post-thumbnail","hentry","category-nacionales"],"_links":{"self":[{"href":"https:\/\/alminutonoticia.com\/noticias\/wp-json\/wp\/v2\/posts\/13949","targetHints":{"allow":["GET"]}}],"collection":[{"href":"https:\/\/alminutonoticia.com\/noticias\/wp-json\/wp\/v2\/posts"}],"about":[{"href":"https:\/\/alminutonoticia.com\/noticias\/wp-json\/wp\/v2\/types\/post"}],"author":[{"embeddable":true,"href":"https:\/\/alminutonoticia.com\/noticias\/wp-json\/wp\/v2\/users\/3"}],"replies":[{"embeddable":true,"href":"https:\/\/alminutonoticia.com\/noticias\/wp-json\/wp\/v2\/comments?post=13949"}],"version-history":[{"count":1,"href":"https:\/\/alminutonoticia.com\/noticias\/wp-json\/wp\/v2\/posts\/13949\/revisions"}],"predecessor-version":[{"id":13951,"href":"https:\/\/alminutonoticia.com\/noticias\/wp-json\/wp\/v2\/posts\/13949\/revisions\/13951"}],"wp:featuredmedia":[{"embeddable":true,"href":"https:\/\/alminutonoticia.com\/noticias\/wp-json\/wp\/v2\/media\/13950"}],"wp:attachment":[{"href":"https:\/\/alminutonoticia.com\/noticias\/wp-json\/wp\/v2\/media?parent=13949"}],"wp:term":[{"taxonomy":"category","embeddable":true,"href":"https:\/\/alminutonoticia.com\/noticias\/wp-json\/wp\/v2\/categories?post=13949"},{"taxonomy":"post_tag","embeddable":true,"href":"https:\/\/alminutonoticia.com\/noticias\/wp-json\/wp\/v2\/tags?post=13949"}],"curies":[{"name":"wp","href":"https:\/\/api.w.org\/{rel}","templated":true}]}}