{"id":13943,"date":"2025-02-24T12:11:28","date_gmt":"2025-02-24T12:11:28","guid":{"rendered":"https:\/\/alminutonoticia.com\/noticias\/?p=13943"},"modified":"2025-02-24T12:11:30","modified_gmt":"2025-02-24T12:11:30","slug":"css-lista-para-atender-en-carnaval-seis-mil-funcionarios-participaran-en-alerta-verde","status":"publish","type":"post","link":"https:\/\/alminutonoticia.com\/noticias\/css-lista-para-atender-en-carnaval-seis-mil-funcionarios-participaran-en-alerta-verde\/","title":{"rendered":"CSS lista para atender en Carnaval; seis mil funcionarios participar\u00e1n en Alerta Verde"},"content":{"rendered":"\n<p>Alrededor de seis mil funcionarios, entre m\u00e9dicos, laboratoristas, enfermeras, radi\u00f3logos y t\u00e9cnicos de urgencias, participar\u00e1n en la Alerta Verde Institucional que la&nbsp;<strong>Caja de Seguro Social activa<\/strong>&nbsp;a nivel nacional por las fiestas de&nbsp;<strong>carnaval.<\/strong><\/p>\n\n\n\n<p>Ante la concentraci\u00f3n y \u00e9xodo de personas a diferentes partes del pa\u00eds, la CSS activar\u00e1 la alerta a partir de las 12:00 p.m. del viernes 28 de febrero hasta las 7:00 a.m. del&nbsp;<strong>mi\u00e9rcoles 5 de marzo.<\/strong><\/p>\n\n\n\n<p>El Dr. Carlos Cerrud, jefe del Departamento Nacional de Gesti\u00f3n de Emergencias, Desastres y Transporte de Pacientes, inform\u00f3 que durante este operativo la CSS tendr\u00e1 a disponibilidad&nbsp;<strong>30 ambulancias<\/strong>&nbsp;de tipo avanzado para atender emergencias.<\/p>\n\n\n\n<p>Agreg\u00f3 que tambi\u00e9n se activar\u00e1 por estos d\u00edas de carnaval el&nbsp;<strong>Centro de Operaciones de Emergencias<\/strong>&nbsp;que estar\u00e1 ubicado en el sector de Santa Mar\u00eda, provincia de Herrera.<\/p>\n\n\n\n<p>Por su parte la Dra. Aurora Vernaza, coordinadora nacional de los<strong>&nbsp;Servicios de Urgencias<\/strong>, agreg\u00f3 que la CSS cuenta con 33 instalaciones de salud con servicios de urgencias a nivel nacional, de las cuales 16 son hospitales y 17 policl\u00ednicas que estar\u00e1n prestando el servicio los d\u00edas de carnaval.<\/p>\n\n\n\n<p>\u201cEsta alerta significa que los funcionarios deben tener la disponibilidad, en caso de que la alerta cambie de color, para que los centros hospitalarios e instalaciones de salud cuenten con los insumos,&nbsp;<strong>medicamentos<\/strong>, suministros, as\u00ed como una coordinaci\u00f3n de ambulancias y camas hospitalarias para los pacientes que lo ameriten\u201d, dijo.<\/p>\n\n\n\n<p>Infecciones respiratorias, gastroenteritis, intoxicaciones por el consumo de alimentos mal cocidos, accidentes automovil\u00edsticos, traumas, contusiones,&nbsp;<strong>heridos por arma punzocortantes<\/strong>&nbsp;y armas de fuego, son algunos de los casos mayormente atendidos durante el carnaval en los cuartos de urgencias.<\/p>\n\n\n\n<p>\u201cHagan un buen uso de los servicios de urgencias, ya que los mismos est\u00e1n para atender casos de mayor\u00a0<strong>complejidad\u00a0<\/strong>y a veces los utilizamos por un simple resfriado o un dolor de cabeza, pero de igual manera la Caja de Seguro Social tiene atenci\u00f3n para estos casos leves\u201d, enfatiz\u00f3 la Dra. Vernaza.<\/p>\n\n\n\n<figure class=\"wp-block-image size-full\"><a href=\"https:\/\/alminutonoticia.com\/noticias\/wp-content\/uploads\/2025\/02\/momo.jpeg\"><img fetchpriority=\"high\" decoding=\"async\" width=\"768\" height=\"432\" src=\"https:\/\/alminutonoticia.com\/noticias\/wp-content\/uploads\/2025\/02\/momo.jpeg\" alt=\"\" class=\"wp-image-13944\" title=\"\" srcset=\"https:\/\/alminutonoticia.com\/noticias\/wp-content\/uploads\/2025\/02\/momo.jpeg 768w, https:\/\/alminutonoticia.com\/noticias\/wp-content\/uploads\/2025\/02\/momo-300x169.jpeg 300w\" sizes=\"(max-width: 768px) 100vw, 768px\" \/><\/a><\/figure>\n","protected":false},"excerpt":{"rendered":"<p>Alrededor de seis mil funcionarios, entre m\u00e9dicos, laboratoristas, enfermeras, radi\u00f3logos y t\u00e9cnicos de urgencias, participar\u00e1n en la Alerta Verde Institucional que la&nbsp;Caja de Seguro Social activa&nbsp;a nivel nacional por las fiestas de&nbsp;carnaval. Ante la concentraci\u00f3n y \u00e9xodo de personas a diferentes partes del pa\u00eds, la CSS activar\u00e1 la alerta a partir de las 12:00 p.m. [&hellip;]<\/p>\n","protected":false},"author":3,"featured_media":13944,"comment_status":"open","ping_status":"open","sticky":false,"template":"","format":"standard","meta":{"footnotes":""},"categories":[36,45],"tags":[],"class_list":["post-13943","post","type-post","status-publish","format-standard","has-post-thumbnail","hentry","category-nacionales","category-salud"],"_links":{"self":[{"href":"https:\/\/alminutonoticia.com\/noticias\/wp-json\/wp\/v2\/posts\/13943","targetHints":{"allow":["GET"]}}],"collection":[{"href":"https:\/\/alminutonoticia.com\/noticias\/wp-json\/wp\/v2\/posts"}],"about":[{"href":"https:\/\/alminutonoticia.com\/noticias\/wp-json\/wp\/v2\/types\/post"}],"author":[{"embeddable":true,"href":"https:\/\/alminutonoticia.com\/noticias\/wp-json\/wp\/v2\/users\/3"}],"replies":[{"embeddable":true,"href":"https:\/\/alminutonoticia.com\/noticias\/wp-json\/wp\/v2\/comments?post=13943"}],"version-history":[{"count":1,"href":"https:\/\/alminutonoticia.com\/noticias\/wp-json\/wp\/v2\/posts\/13943\/revisions"}],"predecessor-version":[{"id":13945,"href":"https:\/\/alminutonoticia.com\/noticias\/wp-json\/wp\/v2\/posts\/13943\/revisions\/13945"}],"wp:featuredmedia":[{"embeddable":true,"href":"https:\/\/alminutonoticia.com\/noticias\/wp-json\/wp\/v2\/media\/13944"}],"wp:attachment":[{"href":"https:\/\/alminutonoticia.com\/noticias\/wp-json\/wp\/v2\/media?parent=13943"}],"wp:term":[{"taxonomy":"category","embeddable":true,"href":"https:\/\/alminutonoticia.com\/noticias\/wp-json\/wp\/v2\/categories?post=13943"},{"taxonomy":"post_tag","embeddable":true,"href":"https:\/\/alminutonoticia.com\/noticias\/wp-json\/wp\/v2\/tags?post=13943"}],"curies":[{"name":"wp","href":"https:\/\/api.w.org\/{rel}","templated":true}]}}