{"id":13940,"date":"2025-02-24T12:08:40","date_gmt":"2025-02-24T12:08:40","guid":{"rendered":"https:\/\/alminutonoticia.com\/noticias\/?p=13940"},"modified":"2025-02-24T12:08:42","modified_gmt":"2025-02-24T12:08:42","slug":"mas-de-300-unidades-del-sinaproc-listos-para-operativos-de-carnaval","status":"publish","type":"post","link":"https:\/\/alminutonoticia.com\/noticias\/mas-de-300-unidades-del-sinaproc-listos-para-operativos-de-carnaval\/","title":{"rendered":"M\u00e1s de 300 unidades del Sinaproc listos para operativos de carnaval"},"content":{"rendered":"\n<p>Con el prop\u00f3sito de garantizar la seguridad antes, durante y despu\u00e9s de los Carnavales, el&nbsp;<strong>Sistema Nacional de Protecci\u00f3n civil (Sinaproc)<\/strong>, realiz\u00f3 en Penonom\u00e9 el lanzamiento oficial del operativo de carnaval \u00abGuardianes\u00bb con m\u00e1s de 300 unidades con el apoyo y coordinaci\u00f3n de diferentes estamentos de seguridad, Gobernaciones y juntas t\u00e9cnicas.<\/p>\n\n\n\n<p>A las seis de la ma\u00f1ana el equipo de guardavidas, primeros auxilios y log\u00edstica se manten\u00eda este viernes 21 de febrero en la plataforma del balneario&nbsp;<strong>Las Mendozas del r\u00edo Zarati en Penonom\u00e9,<\/strong>&nbsp;para dar inicio al operativo con diferentes ejercicios por los guardavidas, sin embargo, la fuerte corriente del r\u00edo destruy\u00f3 la represa, lo que fue un motivo para que Sinaproc hiciera \u00e9nfasis en la temporada de lluvia, que aun se mantiene en algunos sectores del pa\u00eds.<\/p>\n\n\n\n<p>El director General del Sinaproc, Omar Smith Gallardo se\u00f1al\u00f3 que se inicia de manera oficial la segunda fase de Guardianes 2025 con el operativo de&nbsp;<strong>carnaval&nbsp;<\/strong>y la activaci\u00f3n del&nbsp;<strong>Centro de Operaciones de Emergencias (COE)&nbsp;<\/strong>que ser\u00e1 el pr\u00f3ximo viernes 28 de febrero, en el \u00e1rea de Santa Mar\u00eda, provincia de Herrera.<\/p>\n\n\n\n<p><strong>Smith Gallardo<\/strong>&nbsp;se\u00f1al\u00f3 que la idea es que el dispositivo de seguridad se mantenga junto a otros estamentos de seguridad, gobernaciones, gobiernos locales en busca de salvaguardar la vida de nacionales y extranjeros.<\/p>\n\n\n\n<p><strong>Lluvias<\/strong><\/p>\n\n\n\n<p>Destac\u00f3 el director que se mantienen las&nbsp;<strong>lluvias por el momento<\/strong>&nbsp;y prueba de ello, son las que se presentaron en el norte de<strong>&nbsp;Penonom\u00e9<\/strong>&nbsp;y que ocasionaron las fuertes corrientes que arrastraron la represa en donde se realizan los carnavales acu\u00e1ticos penonome\u00f1os.<\/p>\n\n\n\n<p>\u201cEl pron\u00f3stico para la pr\u00f3xima semana puede ser lluvia, esperemos que dice el&nbsp;<strong>IMHPA<\/strong>, pero es importante destacar que el clima no es normal y que hay que tomar precauciones porque hay r\u00edos crecidos y ya se han dado&nbsp;<strong>rescates de personas&nbsp;<\/strong>en r\u00edos en plena \u00e9poca que se pensaba era seca\u201d, explic\u00f3.<\/p>\n\n\n\n<p>Desde el&nbsp;<strong>COE<\/strong>&nbsp;se establecer\u00e1n las comunicaciones y los enlaces correspondientes para garantizar una \u00f3ptima coordinaci\u00f3n de las operaciones del carnaval que culminar\u00e1n el mi\u00e9rcoles<strong>&nbsp;5 de marzo de 2025.<\/strong><\/p>\n\n\n\n<p>Este operativo de prevenci\u00f3n cubrir\u00e1 19 puntos de cobertura en todo el pa\u00eds, bajo la colaboraci\u00f3n de unas 300 unidades entre voluntarios, guardavidas, primeros auxilios, oficiales de emergencias y personal de respuesta del Sinaproc. Adicional participan entidades de apoyo como el Benem\u00e9rito Cuerpo de Bomberos,&nbsp;<strong>Servicio Nacional Aeronaval (Senan),<\/strong>&nbsp;Polic\u00eda Nacional, adem\u00e1s de la Cruz Roja Paname\u00f1a, Servicio Nacional de Fronteras (Senafront), Autoridad Mar\u00edtima de Panam\u00e1 (AMP), Caja de Seguro Social (CSS),&nbsp;<strong>Ministerio de Salud (MINSA)<\/strong>, Mi Ambiente y los Gobiernos Locales, entre otras instituciones.<\/p>\n\n\n\n<p>El Sinaproc mantendr\u00e1 personal operativo en sus zonas de responsabilidad, sin embargo, se reitera que es importante respetar las medidas de prevenci\u00f3n y disposiciones dictadas por los guardavidas y los componentes de la Fuerza de Tarea Conjunta.<\/p>\n\n\n\n<p><strong>Datos Relacionados<\/strong><\/p>\n\n\n\n<p><strong>Significado del color de las banderas&nbsp;<\/strong><\/p>\n\n\n\n<ul class=\"wp-block-list\">\n<li>Verde: Ba\u00f1o Libre<\/li>\n\n\n\n<li>Amarilla: Ba\u00f1o con precauci\u00f3n.<\/li>\n\n\n\n<li>Rojo: Prohibido el ba\u00f1o.<\/li>\n\n\n\n<li>Naranja: Limite de responsabilidad.<\/li>\n<\/ul>\n\n\n\n<p>Para reportes llamar a las l\u00edneas de emergencias a los tel\u00e9fonos 520-4426 \/ 911.<\/p>\n\n\n\n<figure class=\"wp-block-image size-full\"><a href=\"https:\/\/alminutonoticia.com\/noticias\/wp-content\/uploads\/2025\/02\/sinaproc1-770x470-1.jpeg\"><img fetchpriority=\"high\" decoding=\"async\" width=\"770\" height=\"470\" src=\"https:\/\/alminutonoticia.com\/noticias\/wp-content\/uploads\/2025\/02\/sinaproc1-770x470-1.jpeg\" alt=\"\" class=\"wp-image-13941\" title=\"\" srcset=\"https:\/\/alminutonoticia.com\/noticias\/wp-content\/uploads\/2025\/02\/sinaproc1-770x470-1.jpeg 770w, https:\/\/alminutonoticia.com\/noticias\/wp-content\/uploads\/2025\/02\/sinaproc1-770x470-1-300x183.jpeg 300w, https:\/\/alminutonoticia.com\/noticias\/wp-content\/uploads\/2025\/02\/sinaproc1-770x470-1-768x469.jpeg 768w\" sizes=\"(max-width: 770px) 100vw, 770px\" \/><\/a><\/figure>\n","protected":false},"excerpt":{"rendered":"<p>Con el prop\u00f3sito de garantizar la seguridad antes, durante y despu\u00e9s de los Carnavales, el&nbsp;Sistema Nacional de Protecci\u00f3n civil (Sinaproc), realiz\u00f3 en Penonom\u00e9 el lanzamiento oficial del operativo de carnaval \u00abGuardianes\u00bb con m\u00e1s de 300 unidades con el apoyo y coordinaci\u00f3n de diferentes estamentos de seguridad, Gobernaciones y juntas t\u00e9cnicas. A las seis de la [&hellip;]<\/p>\n","protected":false},"author":3,"featured_media":13941,"comment_status":"open","ping_status":"open","sticky":false,"template":"","format":"standard","meta":{"footnotes":""},"categories":[36,45],"tags":[],"class_list":["post-13940","post","type-post","status-publish","format-standard","has-post-thumbnail","hentry","category-nacionales","category-salud"],"_links":{"self":[{"href":"https:\/\/alminutonoticia.com\/noticias\/wp-json\/wp\/v2\/posts\/13940","targetHints":{"allow":["GET"]}}],"collection":[{"href":"https:\/\/alminutonoticia.com\/noticias\/wp-json\/wp\/v2\/posts"}],"about":[{"href":"https:\/\/alminutonoticia.com\/noticias\/wp-json\/wp\/v2\/types\/post"}],"author":[{"embeddable":true,"href":"https:\/\/alminutonoticia.com\/noticias\/wp-json\/wp\/v2\/users\/3"}],"replies":[{"embeddable":true,"href":"https:\/\/alminutonoticia.com\/noticias\/wp-json\/wp\/v2\/comments?post=13940"}],"version-history":[{"count":1,"href":"https:\/\/alminutonoticia.com\/noticias\/wp-json\/wp\/v2\/posts\/13940\/revisions"}],"predecessor-version":[{"id":13942,"href":"https:\/\/alminutonoticia.com\/noticias\/wp-json\/wp\/v2\/posts\/13940\/revisions\/13942"}],"wp:featuredmedia":[{"embeddable":true,"href":"https:\/\/alminutonoticia.com\/noticias\/wp-json\/wp\/v2\/media\/13941"}],"wp:attachment":[{"href":"https:\/\/alminutonoticia.com\/noticias\/wp-json\/wp\/v2\/media?parent=13940"}],"wp:term":[{"taxonomy":"category","embeddable":true,"href":"https:\/\/alminutonoticia.com\/noticias\/wp-json\/wp\/v2\/categories?post=13940"},{"taxonomy":"post_tag","embeddable":true,"href":"https:\/\/alminutonoticia.com\/noticias\/wp-json\/wp\/v2\/tags?post=13940"}],"curies":[{"name":"wp","href":"https:\/\/api.w.org\/{rel}","templated":true}]}}