{"id":13933,"date":"2025-02-24T11:57:06","date_gmt":"2025-02-24T11:57:06","guid":{"rendered":"https:\/\/alminutonoticia.com\/noticias\/?p=13933"},"modified":"2025-02-24T11:57:09","modified_gmt":"2025-02-24T11:57:09","slug":"junta-directiva-del-canal-de-panama-aprueba-los-recursos-para-construir-el-proyecto-de-rio-indio","status":"publish","type":"post","link":"https:\/\/alminutonoticia.com\/noticias\/junta-directiva-del-canal-de-panama-aprueba-los-recursos-para-construir-el-proyecto-de-rio-indio\/","title":{"rendered":"Junta Directiva del Canal de Panam\u00e1 aprueba los recursos para construir el proyecto de r\u00edo Indio"},"content":{"rendered":"\n<p>La Junta Directiva del<strong>&nbsp;Canal de Panam\u00e1<\/strong>&nbsp;aprob\u00f3, mediante la resoluci\u00f3n No. ACP-JD-RM 25-1542, los recursos necesarios para la construcci\u00f3n de un nuevo lago en el tramo medio de la cuenca del r\u00edo Indio.<\/p>\n\n\n\n<p>Este proyecto forma parte del Programa de<strong>&nbsp;Proyectos H\u00eddricos,<\/strong>&nbsp;cuyo objetivo es garantizar la disponibilidad de agua para abastecer a m\u00e1s del 50 % de la poblaci\u00f3n del pa\u00eds, a las comunidades aleda\u00f1as y para funcionamiento del Canal, as\u00ed como desarrollo de otras actividades productivas del pa\u00eds.<\/p>\n\n\n\n<p>El proyecto es parte de la soluci\u00f3n integral al problema de agua en<strong>&nbsp;Panam\u00e1<\/strong>&nbsp;pues aumenta la capacidad de almacenamiento del recurso h\u00eddrico y es por tanto una preparaci\u00f3n ante futuras sequ\u00edas como la que se vivi\u00f3 durante el 2023-2024. As\u00ed mismo, es un paso m\u00e1s para la sostenibilidad del Canal, su confiabilidad y competitividad, en beneficio de todos los paname\u00f1os y del comercio mundial.<\/p>\n\n\n\n<p>La resoluci\u00f3n contempla la asignaci\u00f3n de&nbsp;<strong>fondos para compensaci\u00f3n,<\/strong>&nbsp;reasentamiento y acompa\u00f1amiento de las familias y propietarios que se vean impactados por el proyecto. Este proceso se llevar\u00e1 a cabo de manera justa y ordenada, cumpliendo con las mejores pr\u00e1cticas internacionales en materia social y ambiental y asegurando la participaci\u00f3n informada de las comunidades.<\/p>\n\n\n\n<p>El proyecto, cuya construcci\u00f3n se ejecutar\u00e1 en aproximadamente&nbsp;<strong>seis a\u00f1os<\/strong>, se convertir\u00e1 en una de las inversiones p\u00fablicas m\u00e1s importantes de la presente d\u00e9cada, con un notable impacto en generaci\u00f3n de empleo a nivel nacional, aportando crecimiento y bienestar econ\u00f3mico del pa\u00eds.<\/p>\n\n\n\n<p>Adem\u00e1s, el plan de reasentamiento y restablecimiento de medios de vida ser\u00e1 desarrollado con un enfoque que respete los derechos<strong>, la cultura&nbsp;<\/strong>y tradici\u00f3n de las familias, promoviendo su bienestar sostenible.<\/p>\n\n\n\n<p>Un elemento fundamental para elaborar el plan de reasentamiento, con la participaci\u00f3n de la gente, es contar con la informaci\u00f3n detallada de todas las familias que habitan en el \u00e1rea, por eso se inici\u00f3 un censo en&nbsp;<strong>agosto de 2024,&nbsp;<\/strong>y se ha establecido como fecha de corte o finalizaci\u00f3n el 30 de abril de 2025. Esta actualizaci\u00f3n de datos del censo permite identificar a las familias residentes en la zona del proyecto y facilitar el desarrollo de los procesos de compensaci\u00f3n.<\/p>\n\n\n\n<p>Tras esta aprobaci\u00f3n, equipos del&nbsp;<strong>Canal de Panam\u00e1<\/strong>&nbsp;han iniciado jornadas informativas en las comunidades de la cuenca, con el prop\u00f3sito de explicar el contenido de la resoluci\u00f3n, la importancia de participar en el censo antes de la fecha establecida, as\u00ed como su participaci\u00f3n y aportes en el proceso de elaboraci\u00f3n del plan de reasentamiento y restablecimiento de medios de vida. Estas jornadas incluyen visitas domiciliarias y reuniones comunitarias. Adem\u00e1s, se brinda atenci\u00f3n permanente en las seis oficinas de relaciones comunitarias ubicadas en puntos estrat\u00e9gicos de este territorio. Adem\u00e1s, la resoluci\u00f3n de&nbsp;<strong>Junta Directiva<\/strong>&nbsp;ha sido publicada en&nbsp;<a href=\"https:\/\/pancanal.com\/registros-del-canal\/\" target=\"_blank\" rel=\"noreferrer noopener\">Registros del Canal<\/a>, sitio en el que todo interesado podr\u00e1 acceder para conocer los detalles de lo acordado.<\/p>\n\n\n\n<figure class=\"wp-block-image size-full\"><a href=\"https:\/\/alminutonoticia.com\/noticias\/wp-content\/uploads\/2025\/02\/indios-770x457-1.jpg\"><img fetchpriority=\"high\" decoding=\"async\" width=\"770\" height=\"457\" src=\"https:\/\/alminutonoticia.com\/noticias\/wp-content\/uploads\/2025\/02\/indios-770x457-1.jpg\" alt=\"\" class=\"wp-image-13934\" title=\"\" srcset=\"https:\/\/alminutonoticia.com\/noticias\/wp-content\/uploads\/2025\/02\/indios-770x457-1.jpg 770w, https:\/\/alminutonoticia.com\/noticias\/wp-content\/uploads\/2025\/02\/indios-770x457-1-300x178.jpg 300w, https:\/\/alminutonoticia.com\/noticias\/wp-content\/uploads\/2025\/02\/indios-770x457-1-768x456.jpg 768w\" sizes=\"(max-width: 770px) 100vw, 770px\" \/><\/a><\/figure>\n","protected":false},"excerpt":{"rendered":"<p>La Junta Directiva del&nbsp;Canal de Panam\u00e1&nbsp;aprob\u00f3, mediante la resoluci\u00f3n No. ACP-JD-RM 25-1542, los recursos necesarios para la construcci\u00f3n de un nuevo lago en el tramo medio de la cuenca del r\u00edo Indio. Este proyecto forma parte del Programa de&nbsp;Proyectos H\u00eddricos,&nbsp;cuyo objetivo es garantizar la disponibilidad de agua para abastecer a m\u00e1s del 50 % de [&hellip;]<\/p>\n","protected":false},"author":3,"featured_media":13934,"comment_status":"open","ping_status":"open","sticky":false,"template":"","format":"standard","meta":{"footnotes":""},"categories":[36],"tags":[],"class_list":["post-13933","post","type-post","status-publish","format-standard","has-post-thumbnail","hentry","category-nacionales"],"_links":{"self":[{"href":"https:\/\/alminutonoticia.com\/noticias\/wp-json\/wp\/v2\/posts\/13933","targetHints":{"allow":["GET"]}}],"collection":[{"href":"https:\/\/alminutonoticia.com\/noticias\/wp-json\/wp\/v2\/posts"}],"about":[{"href":"https:\/\/alminutonoticia.com\/noticias\/wp-json\/wp\/v2\/types\/post"}],"author":[{"embeddable":true,"href":"https:\/\/alminutonoticia.com\/noticias\/wp-json\/wp\/v2\/users\/3"}],"replies":[{"embeddable":true,"href":"https:\/\/alminutonoticia.com\/noticias\/wp-json\/wp\/v2\/comments?post=13933"}],"version-history":[{"count":1,"href":"https:\/\/alminutonoticia.com\/noticias\/wp-json\/wp\/v2\/posts\/13933\/revisions"}],"predecessor-version":[{"id":13935,"href":"https:\/\/alminutonoticia.com\/noticias\/wp-json\/wp\/v2\/posts\/13933\/revisions\/13935"}],"wp:featuredmedia":[{"embeddable":true,"href":"https:\/\/alminutonoticia.com\/noticias\/wp-json\/wp\/v2\/media\/13934"}],"wp:attachment":[{"href":"https:\/\/alminutonoticia.com\/noticias\/wp-json\/wp\/v2\/media?parent=13933"}],"wp:term":[{"taxonomy":"category","embeddable":true,"href":"https:\/\/alminutonoticia.com\/noticias\/wp-json\/wp\/v2\/categories?post=13933"},{"taxonomy":"post_tag","embeddable":true,"href":"https:\/\/alminutonoticia.com\/noticias\/wp-json\/wp\/v2\/tags?post=13933"}],"curies":[{"name":"wp","href":"https:\/\/api.w.org\/{rel}","templated":true}]}}