{"id":13930,"date":"2025-02-24T11:54:11","date_gmt":"2025-02-24T11:54:11","guid":{"rendered":"https:\/\/alminutonoticia.com\/noticias\/?p=13930"},"modified":"2025-02-24T11:54:13","modified_gmt":"2025-02-24T11:54:13","slug":"a-segundo-debate-norma-de-proteccion-al-consumidor-y-defensa-de-la-competencia-2","status":"publish","type":"post","link":"https:\/\/alminutonoticia.com\/noticias\/a-segundo-debate-norma-de-proteccion-al-consumidor-y-defensa-de-la-competencia-2\/","title":{"rendered":"A segundo debate norma de protecci\u00f3n al consumidor y defensa de la competencia"},"content":{"rendered":"\n<p>La\u00a0 iniciativa legislativa que busca asegurar que los impuestos y\/o tasas nacionales legalmente establecidos aplicables a cada producto y servicio est\u00e9n reflejados en r\u00f3tulos, etiquetas y todas las dem\u00e1s se\u00f1alizaciones similares fue aprobado, en primer debate, por la\u00a0<strong>Comisi\u00f3n de Comercio y Asuntos Econ\u00f3micos.<\/strong><\/p>\n\n\n\n<p>Se trata del proyecto que modifica la<strong>&nbsp;Ley 45 de 2007,&nbsp;<\/strong>que dicta normas sobre protecci\u00f3n al consumidor y defensa de la competencia.<\/p>\n\n\n\n<p>El diputado Augusto Palacios, uno de los proponentes del proyecto, se\u00f1al\u00f3 que \u00abCuando vamos a un local comercial el precio que est\u00e1 en exhibici\u00f3n es uno y a la hora de<strong>&nbsp;pagar es otro\u00bb<\/strong>.&nbsp;<\/p>\n\n\n\n<p>\u00abLo que se busca es que cuando usted vaya a un local comercial&nbsp; tenga reflejado en exhibici\u00f3n el precio final del producto, con el impuesto que le corresponda&nbsp;<strong>ya incluido<\/strong>, para que cuando se realiza el pago del mismo, autom\u00e1ticamente sea congruente con el precio final\u00bb, recalc\u00f3.<\/p>\n\n\n\n<p>Tambi\u00e9n, fue aprobado el primer debate del proyecto de ley que modifica art\u00edculo de la<strong>&nbsp;Ley 45<\/strong>, cuyo objetivo es ampliar la responsabilidad de la garant\u00eda legal ante los consumidores, para que esta recaiga en los fabricantes que tengan oficinas en el territorio nacional y proveedores, asegurando as\u00ed mecanismos de protecci\u00f3n m\u00e1s robustos y actualizados.<\/p>\n\n\n\n<p>La diputada Johana Cede\u00f1o manifest\u00f3 que esta norma busca que los fabricantes de veh\u00edculos con oficinas en&nbsp;<strong>Panam\u00e1<\/strong>&nbsp;tambi\u00e9n respondan por las garant\u00edas de sus productos. \u00abEs hora de acabar con el paseo de taller a taller y la burocracia que deja al consumidor sin respuesta\u00bb, acot\u00f3.<\/p>\n\n\n\n<p>Explic\u00f3 que, con esta medida, quien compra podr\u00e1 acudir directamente al fabricante con domicilio en Panam\u00e1 y exigir su garant\u00eda sin intermediarios; si el producto no tiene un fabricante en el pa\u00eds, el proveedor seguir\u00e1.&nbsp;<\/p>\n\n\n\n<figure class=\"wp-block-image size-full\"><a href=\"https:\/\/alminutonoticia.com\/noticias\/wp-content\/uploads\/2025\/02\/compete-770x470-2.jpg\"><img fetchpriority=\"high\" decoding=\"async\" width=\"770\" height=\"470\" src=\"https:\/\/alminutonoticia.com\/noticias\/wp-content\/uploads\/2025\/02\/compete-770x470-2.jpg\" alt=\"\" class=\"wp-image-13931\" title=\"\" srcset=\"https:\/\/alminutonoticia.com\/noticias\/wp-content\/uploads\/2025\/02\/compete-770x470-2.jpg 770w, https:\/\/alminutonoticia.com\/noticias\/wp-content\/uploads\/2025\/02\/compete-770x470-2-300x183.jpg 300w, https:\/\/alminutonoticia.com\/noticias\/wp-content\/uploads\/2025\/02\/compete-770x470-2-768x469.jpg 768w\" sizes=\"(max-width: 770px) 100vw, 770px\" \/><\/a><\/figure>\n","protected":false},"excerpt":{"rendered":"<p>La\u00a0 iniciativa legislativa que busca asegurar que los impuestos y\/o tasas nacionales legalmente establecidos aplicables a cada producto y servicio est\u00e9n reflejados en r\u00f3tulos, etiquetas y todas las dem\u00e1s se\u00f1alizaciones similares fue aprobado, en primer debate, por la\u00a0Comisi\u00f3n de Comercio y Asuntos Econ\u00f3micos. Se trata del proyecto que modifica la&nbsp;Ley 45 de 2007,&nbsp;que dicta normas [&hellip;]<\/p>\n","protected":false},"author":3,"featured_media":13931,"comment_status":"open","ping_status":"open","sticky":false,"template":"","format":"standard","meta":{"footnotes":""},"categories":[36],"tags":[],"class_list":["post-13930","post","type-post","status-publish","format-standard","has-post-thumbnail","hentry","category-nacionales"],"_links":{"self":[{"href":"https:\/\/alminutonoticia.com\/noticias\/wp-json\/wp\/v2\/posts\/13930","targetHints":{"allow":["GET"]}}],"collection":[{"href":"https:\/\/alminutonoticia.com\/noticias\/wp-json\/wp\/v2\/posts"}],"about":[{"href":"https:\/\/alminutonoticia.com\/noticias\/wp-json\/wp\/v2\/types\/post"}],"author":[{"embeddable":true,"href":"https:\/\/alminutonoticia.com\/noticias\/wp-json\/wp\/v2\/users\/3"}],"replies":[{"embeddable":true,"href":"https:\/\/alminutonoticia.com\/noticias\/wp-json\/wp\/v2\/comments?post=13930"}],"version-history":[{"count":1,"href":"https:\/\/alminutonoticia.com\/noticias\/wp-json\/wp\/v2\/posts\/13930\/revisions"}],"predecessor-version":[{"id":13932,"href":"https:\/\/alminutonoticia.com\/noticias\/wp-json\/wp\/v2\/posts\/13930\/revisions\/13932"}],"wp:featuredmedia":[{"embeddable":true,"href":"https:\/\/alminutonoticia.com\/noticias\/wp-json\/wp\/v2\/media\/13931"}],"wp:attachment":[{"href":"https:\/\/alminutonoticia.com\/noticias\/wp-json\/wp\/v2\/media?parent=13930"}],"wp:term":[{"taxonomy":"category","embeddable":true,"href":"https:\/\/alminutonoticia.com\/noticias\/wp-json\/wp\/v2\/categories?post=13930"},{"taxonomy":"post_tag","embeddable":true,"href":"https:\/\/alminutonoticia.com\/noticias\/wp-json\/wp\/v2\/tags?post=13930"}],"curies":[{"name":"wp","href":"https:\/\/api.w.org\/{rel}","templated":true}]}}