{"id":13919,"date":"2025-02-24T11:36:13","date_gmt":"2025-02-24T11:36:13","guid":{"rendered":"https:\/\/alminutonoticia.com\/noticias\/?p=13919"},"modified":"2025-02-24T11:36:16","modified_gmt":"2025-02-24T11:36:16","slug":"minsa-prohibe-uso-y-venta-de-cigarrillos-electronicos-a-menores-de-edad-y-su-consumo-en-espacio-publicos","status":"publish","type":"post","link":"https:\/\/alminutonoticia.com\/noticias\/minsa-prohibe-uso-y-venta-de-cigarrillos-electronicos-a-menores-de-edad-y-su-consumo-en-espacio-publicos\/","title":{"rendered":"Minsa proh\u00edbe uso y venta de cigarrillos electr\u00f3nicos a menores de edad y su consumo en espacio p\u00fablicos"},"content":{"rendered":"\n<p>El&nbsp;<strong>Ministerio de Salud (Minsa)<\/strong>, mediante la Resoluci\u00f3n N\u00b0.146 del 31 de enero de 2025, publicada en Gaceta Oficial el jueves 13 de febrero proh\u00edbe el uso y la venta a menores de edad, as\u00ed como su publicidad, promoci\u00f3n, patrocinio y propaganda de los sistemas de administraci\u00f3n o&nbsp;<strong>no de nicotina,<\/strong>&nbsp;conocidos como cigarrillos electr\u00f3nicos y similares con o sin nicotina, consumibles.&nbsp;<\/p>\n\n\n\n<p>As\u00ed mismo dep\u00f3sitos o cartuchos, recarga, accesorios, productos de tabaco calentado convencionales<strong>&nbsp;<\/strong>(PTC Convencionales<strong>)<\/strong>&nbsp;y de Nicotina Oral (PNO), entre otros, y dicta otras disposiciones.&nbsp; La normativa empezar\u00e1 a regir 6 meses luego de su promulgaci\u00f3n (31 de julio de 2025).&nbsp;<\/p>\n\n\n\n<p>Sobre el tema,&nbsp;<strong>Norma Astudillo,<\/strong>&nbsp;de la direcci\u00f3n de Planificaci\u00f3n, Coordinadora de la Comisi\u00f3n Nacional de Control de Tabaco y Jefa del Departamento de An\u00e1lisis y Situaci\u00f3n y Tendencias de Salud, indic\u00f3 que este documento es importante para el pa\u00eds por que regula el uso de estos dispositivos que causan da\u00f1os a la salud y el ambiente.&nbsp;<\/p>\n\n\n\n<p>Recalc\u00f3 que la legislaci\u00f3n paname\u00f1a establece el principio precautorio en salud p\u00fablica, que se basa en la obligaci\u00f3n del Estado de<strong>&nbsp;proteger a la poblaci\u00f3n paname\u00f1a<\/strong>&nbsp;y a los residentes en el territorio nacional a la exposici\u00f3n de potenciales riesgos a su salud y a su vida.<\/p>\n\n\n\n<p>La Dra. Astudillo a\u00f1adi\u00f3 que dentro de la resoluci\u00f3n se detalla que los sistemas electr\u00f3nicos de administraci\u00f3n o no de nicotina no adulterados produce un aerosol que normalmente contiene glicoles, aldeh\u00eddos, compuestos org\u00e1nicos vol\u00e1tiles (COV), hidrocarburos arom\u00e1ticos polic\u00edclicos, nitrosaminas, metales, metaloides&nbsp;<strong>(incluido el ars\u00e9nico),<\/strong>&nbsp;part\u00edculas de silicato y otros componentes que son negativos para la salud.&nbsp;<\/p>\n\n\n\n<p>En relaci\u00f3n a las sanciones, la Dra. Astudillo explic\u00f3 que las normativas vigentes del Ministerio de Salud son las que aplican en este caso.<\/p>\n\n\n\n<p>Hizo \u00e9nfasis en el c\u00f3digo sanitario del a\u00f1o 1947 y la<strong>&nbsp;Ley 40 del 2006&nbsp;<\/strong>que adiciona una serie de sanciones permitiendo al Minsa poder aplicar multas, infracciones cierres temporales y cumplir con las normas y los procedimientos administrativos<br>establecidos para tal fin.<\/p>\n\n\n\n<p>\u201cPanam\u00e1 es un pionero en este tema, somos n\u00famero uno en la regi\u00f3n de las Am\u00e9ricas con la prevalencia m\u00e1s baja en la poblaci\u00f3n de<strong>&nbsp;15 a\u00f1os y m\u00e1s<\/strong>; a nivel mundial ocupamos la cuarta posici\u00f3n\u201d, puntualiz\u00f3.&nbsp;<\/p>\n\n\n\n<p>De acuerdo con la normativa, los proveedores y expendedores de productos regulados por esta resoluci\u00f3n tendr\u00e1n la obligaci\u00f3n de colocar, a su costo<strong>, carteles visibles<\/strong>, claros y destacados en el interior de los lugares de venta, que indiquen que se proh\u00edbe la venta de productos regulados a los menores de edad.&nbsp;<\/p>\n\n\n\n<p>La medida establece que los menores de edad&nbsp;<strong>no podr\u00e1n dedicarse a<\/strong>&nbsp;la venta de estos productos ni ser empleados por otras personas para tal fin.&nbsp;<\/p>\n\n\n\n<p>La resoluci\u00f3n detalla que queda prohibido el consumo de estos productos en las oficinas p\u00fablicas y privadas, nacionales, provinciales, comarcales y locales, los medios de transporte p\u00fablico en general y en las terminales de transporte terrestre, mar\u00edtimo y a\u00e9reo.<\/p>\n\n\n\n<p>As\u00ed mismo los lugares cerrados de acceso p\u00fablico donde haya concurrencia de personas,los ambientes p\u00fablicos y privados; abiertos y cerrados, destinados a actividades deportivas, las \u00e1reas comunes de los edificios p\u00fablicos y privados de<br>uso comercial y dom\u00e9stico, los ambientes laborales cerrados, las instituciones educativas y de salud, p\u00fablicas y privadas.&nbsp;<\/p>\n\n\n\n<figure class=\"wp-block-image size-full\"><a href=\"https:\/\/alminutonoticia.com\/noticias\/wp-content\/uploads\/2025\/02\/cigarret-770x462-1.jpeg\"><img fetchpriority=\"high\" decoding=\"async\" width=\"770\" height=\"462\" src=\"https:\/\/alminutonoticia.com\/noticias\/wp-content\/uploads\/2025\/02\/cigarret-770x462-1.jpeg\" alt=\"\" class=\"wp-image-13920\" title=\"\" srcset=\"https:\/\/alminutonoticia.com\/noticias\/wp-content\/uploads\/2025\/02\/cigarret-770x462-1.jpeg 770w, https:\/\/alminutonoticia.com\/noticias\/wp-content\/uploads\/2025\/02\/cigarret-770x462-1-300x180.jpeg 300w, https:\/\/alminutonoticia.com\/noticias\/wp-content\/uploads\/2025\/02\/cigarret-770x462-1-768x461.jpeg 768w\" sizes=\"(max-width: 770px) 100vw, 770px\" \/><\/a><\/figure>\n","protected":false},"excerpt":{"rendered":"<p>El&nbsp;Ministerio de Salud (Minsa), mediante la Resoluci\u00f3n N\u00b0.146 del 31 de enero de 2025, publicada en Gaceta Oficial el jueves 13 de febrero proh\u00edbe el uso y la venta a menores de edad, as\u00ed como su publicidad, promoci\u00f3n, patrocinio y propaganda de los sistemas de administraci\u00f3n o&nbsp;no de nicotina,&nbsp;conocidos como cigarrillos electr\u00f3nicos y similares con [&hellip;]<\/p>\n","protected":false},"author":3,"featured_media":13920,"comment_status":"open","ping_status":"open","sticky":false,"template":"","format":"standard","meta":{"footnotes":""},"categories":[36,45],"tags":[],"class_list":["post-13919","post","type-post","status-publish","format-standard","has-post-thumbnail","hentry","category-nacionales","category-salud"],"_links":{"self":[{"href":"https:\/\/alminutonoticia.com\/noticias\/wp-json\/wp\/v2\/posts\/13919","targetHints":{"allow":["GET"]}}],"collection":[{"href":"https:\/\/alminutonoticia.com\/noticias\/wp-json\/wp\/v2\/posts"}],"about":[{"href":"https:\/\/alminutonoticia.com\/noticias\/wp-json\/wp\/v2\/types\/post"}],"author":[{"embeddable":true,"href":"https:\/\/alminutonoticia.com\/noticias\/wp-json\/wp\/v2\/users\/3"}],"replies":[{"embeddable":true,"href":"https:\/\/alminutonoticia.com\/noticias\/wp-json\/wp\/v2\/comments?post=13919"}],"version-history":[{"count":1,"href":"https:\/\/alminutonoticia.com\/noticias\/wp-json\/wp\/v2\/posts\/13919\/revisions"}],"predecessor-version":[{"id":13921,"href":"https:\/\/alminutonoticia.com\/noticias\/wp-json\/wp\/v2\/posts\/13919\/revisions\/13921"}],"wp:featuredmedia":[{"embeddable":true,"href":"https:\/\/alminutonoticia.com\/noticias\/wp-json\/wp\/v2\/media\/13920"}],"wp:attachment":[{"href":"https:\/\/alminutonoticia.com\/noticias\/wp-json\/wp\/v2\/media?parent=13919"}],"wp:term":[{"taxonomy":"category","embeddable":true,"href":"https:\/\/alminutonoticia.com\/noticias\/wp-json\/wp\/v2\/categories?post=13919"},{"taxonomy":"post_tag","embeddable":true,"href":"https:\/\/alminutonoticia.com\/noticias\/wp-json\/wp\/v2\/tags?post=13919"}],"curies":[{"name":"wp","href":"https:\/\/api.w.org\/{rel}","templated":true}]}}