{"id":13916,"date":"2025-02-24T11:32:56","date_gmt":"2025-02-24T11:32:56","guid":{"rendered":"https:\/\/alminutonoticia.com\/noticias\/?p=13916"},"modified":"2025-02-24T11:32:59","modified_gmt":"2025-02-24T11:32:59","slug":"decretan-reporte-periodico-y-prohibido-salir-de-la-provincia-de-panama-a-los-83-trabajadores-que-participaron-en-las-protestas","status":"publish","type":"post","link":"https:\/\/alminutonoticia.com\/noticias\/decretan-reporte-periodico-y-prohibido-salir-de-la-provincia-de-panama-a-los-83-trabajadores-que-participaron-en-las-protestas\/","title":{"rendered":"Decretan reporte peri\u00f3dico y prohibido salir de la provincia de Panam\u00e1 a los 83 trabajadores que participaron en las protestas"},"content":{"rendered":"\n<p>La jueza de Garant\u00edas del Primer Circuito Judicial de Panam\u00e1, Luzmila Jaramillo Fuentes, decret\u00f3 las&nbsp;<strong>medidas cautelares<\/strong>&nbsp;personales de<strong>&nbsp;reporte peri\u00f3dico&nbsp;<\/strong>ante el Ministerio P\u00fablico dos veces al mes, la prohibici\u00f3n de acercarse a las v\u00edctimas y la&nbsp;<strong>prohibici\u00f3n de salida de la provincia de Panam\u00e1&nbsp;<\/strong>a 83 ciudadanos, imputados por la presunta comisi\u00f3n de los delitos contra los servidores p\u00fablicos, contra la seguridad colectiva, contra el patrimonio econ\u00f3mico (da\u00f1os), contra la libertad individual y contra la vida e integridad personal<strong>&nbsp;(lesiones personales).<\/strong><\/p>\n\n\n\n<p>En el sexto d\u00eda de audiencia, la jueza bas\u00f3 su decisi\u00f3n de aplicar las medidas cautelares personales antes mencionadas, debido a que consider\u00f3 que el Ministerio P\u00fablico<strong>&nbsp;no logr\u00f3 sustentar una vinculaci\u00f3n&nbsp;<\/strong>fortalecida de ninguno de los delitos mencionados en relaci\u00f3n con los imputados. Esto dio como resultado medidas cautelares menos severas distintas a las solicitadas por el&nbsp;<strong>Ministerio P\u00fablico<\/strong>, que eran la detenci\u00f3n provisional.<\/p>\n\n\n\n<p>La audiencia, que inici\u00f3 el viernes 14 de febrero a las 9:00 a.m., concluy\u00f3 este mi\u00e9rcoles 19 de febrero a las&nbsp;<strong>7:30 p.m.<\/strong>&nbsp;El Ministerio P\u00fablico estuvo representado por las fiscales Elizabeth Carri\u00f3n, Yenibeth Barraza y Yina D\u00edaz de Gracias; mientras que la defensa de los imputados corri\u00f3 a cargo de<strong>&nbsp;21 abogados particulares.<\/strong><\/p>\n\n\n\n<p>Antes de concluir el acto de audiencia el Ministerio P\u00fablico anunci\u00f3 recurso de apelaci\u00f3n contra las medidas cautelares impuestas. En ese sentido, la audiencia ante el Tribunal Superior de Apelaciones del Primer Distrito Judicial fue programada para el&nbsp;<strong>pr\u00f3ximo 25 de febrero a las 9:00 a.m.;<\/strong>&nbsp;y se llevar\u00e1 a cabo en las mismas instalaciones del Centro de Formaci\u00f3n y Recreaci\u00f3n (CEFRE) de la Caja de Seguro Social.<\/p>\n\n\n\n<p>Este caso se relaciona con las protestas registradas el pasado mi\u00e9rcoles 12 de febrero en la Avenida Balboa.<\/p>\n\n\n\n<figure class=\"wp-block-image size-full\"><a href=\"https:\/\/alminutonoticia.com\/noticias\/wp-content\/uploads\/2025\/02\/organo-770x470-1.jpg\"><img fetchpriority=\"high\" decoding=\"async\" width=\"770\" height=\"470\" src=\"https:\/\/alminutonoticia.com\/noticias\/wp-content\/uploads\/2025\/02\/organo-770x470-1.jpg\" alt=\"\" class=\"wp-image-13917\" title=\"\" srcset=\"https:\/\/alminutonoticia.com\/noticias\/wp-content\/uploads\/2025\/02\/organo-770x470-1.jpg 770w, https:\/\/alminutonoticia.com\/noticias\/wp-content\/uploads\/2025\/02\/organo-770x470-1-300x183.jpg 300w, https:\/\/alminutonoticia.com\/noticias\/wp-content\/uploads\/2025\/02\/organo-770x470-1-768x469.jpg 768w\" sizes=\"(max-width: 770px) 100vw, 770px\" \/><\/a><\/figure>\n","protected":false},"excerpt":{"rendered":"<p>La jueza de Garant\u00edas del Primer Circuito Judicial de Panam\u00e1, Luzmila Jaramillo Fuentes, decret\u00f3 las&nbsp;medidas cautelares&nbsp;personales de&nbsp;reporte peri\u00f3dico&nbsp;ante el Ministerio P\u00fablico dos veces al mes, la prohibici\u00f3n de acercarse a las v\u00edctimas y la&nbsp;prohibici\u00f3n de salida de la provincia de Panam\u00e1&nbsp;a 83 ciudadanos, imputados por la presunta comisi\u00f3n de los delitos contra los servidores p\u00fablicos, [&hellip;]<\/p>\n","protected":false},"author":3,"featured_media":13917,"comment_status":"open","ping_status":"open","sticky":false,"template":"","format":"standard","meta":{"footnotes":""},"categories":[36],"tags":[],"class_list":["post-13916","post","type-post","status-publish","format-standard","has-post-thumbnail","hentry","category-nacionales"],"_links":{"self":[{"href":"https:\/\/alminutonoticia.com\/noticias\/wp-json\/wp\/v2\/posts\/13916","targetHints":{"allow":["GET"]}}],"collection":[{"href":"https:\/\/alminutonoticia.com\/noticias\/wp-json\/wp\/v2\/posts"}],"about":[{"href":"https:\/\/alminutonoticia.com\/noticias\/wp-json\/wp\/v2\/types\/post"}],"author":[{"embeddable":true,"href":"https:\/\/alminutonoticia.com\/noticias\/wp-json\/wp\/v2\/users\/3"}],"replies":[{"embeddable":true,"href":"https:\/\/alminutonoticia.com\/noticias\/wp-json\/wp\/v2\/comments?post=13916"}],"version-history":[{"count":1,"href":"https:\/\/alminutonoticia.com\/noticias\/wp-json\/wp\/v2\/posts\/13916\/revisions"}],"predecessor-version":[{"id":13918,"href":"https:\/\/alminutonoticia.com\/noticias\/wp-json\/wp\/v2\/posts\/13916\/revisions\/13918"}],"wp:featuredmedia":[{"embeddable":true,"href":"https:\/\/alminutonoticia.com\/noticias\/wp-json\/wp\/v2\/media\/13917"}],"wp:attachment":[{"href":"https:\/\/alminutonoticia.com\/noticias\/wp-json\/wp\/v2\/media?parent=13916"}],"wp:term":[{"taxonomy":"category","embeddable":true,"href":"https:\/\/alminutonoticia.com\/noticias\/wp-json\/wp\/v2\/categories?post=13916"},{"taxonomy":"post_tag","embeddable":true,"href":"https:\/\/alminutonoticia.com\/noticias\/wp-json\/wp\/v2\/tags?post=13916"}],"curies":[{"name":"wp","href":"https:\/\/api.w.org\/{rel}","templated":true}]}}