{"id":13910,"date":"2025-02-20T03:03:34","date_gmt":"2025-02-20T03:03:34","guid":{"rendered":"https:\/\/alminutonoticia.com\/noticias\/?p=13910"},"modified":"2025-02-20T03:03:37","modified_gmt":"2025-02-20T03:03:37","slug":"nombran-carretera-en-honor-a-dorindo-cardenas-en-los-santos","status":"publish","type":"post","link":"https:\/\/alminutonoticia.com\/noticias\/nombran-carretera-en-honor-a-dorindo-cardenas-en-los-santos\/","title":{"rendered":"Nombran carretera en honor a Dorindo C\u00e1rdenas en Los Santos"},"content":{"rendered":"\n<p>Cuatro municipios de la provincia de Los Santos han decidido rendir homenaje al ic\u00f3nico m\u00fasico t\u00edpico paname\u00f1o Daniel Dorindo C\u00e1rdenas, designando con su nombre la carretera que conecta el cruce de Sabana Grande con el distrito de Tonos\u00ed.<\/p>\n\n\n\n<p>Esta iniciativa fue aprobada mediante acuerdos municipales por los consejos de Los Santos, Tonos\u00ed, Macaracas y Guarar\u00e9, respondiendo a la solicitud de los propios residentes de la regi\u00f3n.<\/p>\n\n\n\n<p>El anuncio ha sido recibido con entusiasmo tanto por seguidores como por la comunidad, quienes consideran este reconocimiento un tributo merecido a la trayectoria del \u00abPoste del Macano Negro\u00bb, como se le conoce popularmente.<\/p>\n\n\n\n<p>Esta designaci\u00f3n no solo enaltece la figura del \u00abM\u00fasico del Pueblo\u00bb, sino que tambi\u00e9n refuerza la identidad cultural de la regi\u00f3n, asegurando que su nombre y su aporte a la m\u00fasica t\u00edpica trasciendan en el tiempo.<\/p>\n\n\n\n<p>Con 89 a\u00f1os de vida reci\u00e9n cumplidos, el fundador del conjunto&nbsp;<em>El Orgullo Sante\u00f1o<\/em>&nbsp;ha dejado una huella imborrable en la m\u00fasica t\u00edpica paname\u00f1a y en el coraz\u00f3n de su gente.<\/p>\n\n\n\n<figure class=\"wp-block-image size-full\"><a href=\"https:\/\/alminutonoticia.com\/noticias\/wp-content\/uploads\/2025\/02\/cardelita.jpeg\"><img fetchpriority=\"high\" decoding=\"async\" width=\"765\" height=\"462\" src=\"https:\/\/alminutonoticia.com\/noticias\/wp-content\/uploads\/2025\/02\/cardelita.jpeg\" alt=\"\" class=\"wp-image-13911\" title=\"\" srcset=\"https:\/\/alminutonoticia.com\/noticias\/wp-content\/uploads\/2025\/02\/cardelita.jpeg 765w, https:\/\/alminutonoticia.com\/noticias\/wp-content\/uploads\/2025\/02\/cardelita-300x181.jpeg 300w\" sizes=\"(max-width: 765px) 100vw, 765px\" \/><\/a><\/figure>\n","protected":false},"excerpt":{"rendered":"<p>Cuatro municipios de la provincia de Los Santos han decidido rendir homenaje al ic\u00f3nico m\u00fasico t\u00edpico paname\u00f1o Daniel Dorindo C\u00e1rdenas, designando con su nombre la carretera que conecta el cruce de Sabana Grande con el distrito de Tonos\u00ed. Esta iniciativa fue aprobada mediante acuerdos municipales por los consejos de Los Santos, Tonos\u00ed, Macaracas y Guarar\u00e9, [&hellip;]<\/p>\n","protected":false},"author":3,"featured_media":13911,"comment_status":"open","ping_status":"open","sticky":false,"template":"","format":"standard","meta":{"footnotes":""},"categories":[41,36],"tags":[],"class_list":["post-13910","post","type-post","status-publish","format-standard","has-post-thumbnail","hentry","category-cultura-y-farandula","category-nacionales"],"_links":{"self":[{"href":"https:\/\/alminutonoticia.com\/noticias\/wp-json\/wp\/v2\/posts\/13910","targetHints":{"allow":["GET"]}}],"collection":[{"href":"https:\/\/alminutonoticia.com\/noticias\/wp-json\/wp\/v2\/posts"}],"about":[{"href":"https:\/\/alminutonoticia.com\/noticias\/wp-json\/wp\/v2\/types\/post"}],"author":[{"embeddable":true,"href":"https:\/\/alminutonoticia.com\/noticias\/wp-json\/wp\/v2\/users\/3"}],"replies":[{"embeddable":true,"href":"https:\/\/alminutonoticia.com\/noticias\/wp-json\/wp\/v2\/comments?post=13910"}],"version-history":[{"count":1,"href":"https:\/\/alminutonoticia.com\/noticias\/wp-json\/wp\/v2\/posts\/13910\/revisions"}],"predecessor-version":[{"id":13912,"href":"https:\/\/alminutonoticia.com\/noticias\/wp-json\/wp\/v2\/posts\/13910\/revisions\/13912"}],"wp:featuredmedia":[{"embeddable":true,"href":"https:\/\/alminutonoticia.com\/noticias\/wp-json\/wp\/v2\/media\/13911"}],"wp:attachment":[{"href":"https:\/\/alminutonoticia.com\/noticias\/wp-json\/wp\/v2\/media?parent=13910"}],"wp:term":[{"taxonomy":"category","embeddable":true,"href":"https:\/\/alminutonoticia.com\/noticias\/wp-json\/wp\/v2\/categories?post=13910"},{"taxonomy":"post_tag","embeddable":true,"href":"https:\/\/alminutonoticia.com\/noticias\/wp-json\/wp\/v2\/tags?post=13910"}],"curies":[{"name":"wp","href":"https:\/\/api.w.org\/{rel}","templated":true}]}}