{"id":13901,"date":"2025-02-18T15:42:55","date_gmt":"2025-02-18T15:42:55","guid":{"rendered":"https:\/\/alminutonoticia.com\/noticias\/?p=13901"},"modified":"2025-02-18T15:42:57","modified_gmt":"2025-02-18T15:42:57","slug":"defensa-del-suntracs-busca-medidas-cautelares-menos-severas-para-83-obreros-detenidos","status":"publish","type":"post","link":"https:\/\/alminutonoticia.com\/noticias\/defensa-del-suntracs-busca-medidas-cautelares-menos-severas-para-83-obreros-detenidos\/","title":{"rendered":"Defensa del Suntracs busca medidas cautelares menos severas para 83 obreros detenidos"},"content":{"rendered":"\n<p>El equipo legal del Sindicato \u00danico Nacional de Trabajadores de la Industria de la Construcci\u00f3n y Similares (Suntracs) solicit\u00f3 a la jueza de garant\u00edas la aplicaci\u00f3n de medidas cautelares menos estrictas para los 83 obreros arrestados durante los disturbios registrados el pasado mi\u00e9rcoles en la avenida Balboa.<\/p>\n\n\n\n<p>Rub\u00e9n Castrejo, abogado de la agrupaci\u00f3n sindical, indic\u00f3 que pedir\u00e1 que en lugar de la detenci\u00f3n preventiva se apliquen restricciones como el impedimento de salida del pa\u00eds y la obligaci\u00f3n de firmar peri\u00f3dicamente, ya que hay un proceso penal abierto contra los trabajadores tras los enfrentamientos con la Polic\u00eda Nacional en una manifestaci\u00f3n en defensa de la Caja de Seguro Social.<\/p>\n\n\n\n<p>El Ministerio P\u00fablico, por su parte, concluy\u00f3 la sustentaci\u00f3n de su solicitud para que los imputados permanezcan bajo detenci\u00f3n provisional. La Fiscal\u00eda argument\u00f3 que existe el riesgo de que los detenidos intenten evadir el proceso judicial y que su vinculaci\u00f3n laboral pueda verse comprometida.<\/p>\n\n\n\n<p>Castrejo a\u00f1adi\u00f3 que el equipo de defensa continuar\u00e1 presentando sus alegatos para demostrar que la medida impuesta es excesiva.<\/p>\n\n\n\n<p>La audiencia, que se desarrolla en el Centro de Formaci\u00f3n y Recreaci\u00f3n de la CSS en Las Cumbres, ya suma m\u00e1s de tres d\u00edas de duraci\u00f3n, mientras los abogados del Suntracs buscan revertir la solicitud de detenci\u00f3n provisional hecha por la Fiscal\u00eda.<\/p>\n\n\n\n<figure class=\"wp-block-image size-full\"><a href=\"https:\/\/alminutonoticia.com\/noticias\/wp-content\/uploads\/2025\/02\/senafro-770x470-1.jpeg\"><img fetchpriority=\"high\" decoding=\"async\" width=\"770\" height=\"470\" src=\"https:\/\/alminutonoticia.com\/noticias\/wp-content\/uploads\/2025\/02\/senafro-770x470-1.jpeg\" alt=\"\" class=\"wp-image-13902\" title=\"\" srcset=\"https:\/\/alminutonoticia.com\/noticias\/wp-content\/uploads\/2025\/02\/senafro-770x470-1.jpeg 770w, https:\/\/alminutonoticia.com\/noticias\/wp-content\/uploads\/2025\/02\/senafro-770x470-1-300x183.jpeg 300w, https:\/\/alminutonoticia.com\/noticias\/wp-content\/uploads\/2025\/02\/senafro-770x470-1-768x469.jpeg 768w\" sizes=\"(max-width: 770px) 100vw, 770px\" \/><\/a><\/figure>\n","protected":false},"excerpt":{"rendered":"<p>El equipo legal del Sindicato \u00danico Nacional de Trabajadores de la Industria de la Construcci\u00f3n y Similares (Suntracs) solicit\u00f3 a la jueza de garant\u00edas la aplicaci\u00f3n de medidas cautelares menos estrictas para los 83 obreros arrestados durante los disturbios registrados el pasado mi\u00e9rcoles en la avenida Balboa. Rub\u00e9n Castrejo, abogado de la agrupaci\u00f3n sindical, indic\u00f3 [&hellip;]<\/p>\n","protected":false},"author":3,"featured_media":13902,"comment_status":"open","ping_status":"open","sticky":false,"template":"","format":"standard","meta":{"footnotes":""},"categories":[36],"tags":[],"class_list":["post-13901","post","type-post","status-publish","format-standard","has-post-thumbnail","hentry","category-nacionales"],"_links":{"self":[{"href":"https:\/\/alminutonoticia.com\/noticias\/wp-json\/wp\/v2\/posts\/13901","targetHints":{"allow":["GET"]}}],"collection":[{"href":"https:\/\/alminutonoticia.com\/noticias\/wp-json\/wp\/v2\/posts"}],"about":[{"href":"https:\/\/alminutonoticia.com\/noticias\/wp-json\/wp\/v2\/types\/post"}],"author":[{"embeddable":true,"href":"https:\/\/alminutonoticia.com\/noticias\/wp-json\/wp\/v2\/users\/3"}],"replies":[{"embeddable":true,"href":"https:\/\/alminutonoticia.com\/noticias\/wp-json\/wp\/v2\/comments?post=13901"}],"version-history":[{"count":1,"href":"https:\/\/alminutonoticia.com\/noticias\/wp-json\/wp\/v2\/posts\/13901\/revisions"}],"predecessor-version":[{"id":13903,"href":"https:\/\/alminutonoticia.com\/noticias\/wp-json\/wp\/v2\/posts\/13901\/revisions\/13903"}],"wp:featuredmedia":[{"embeddable":true,"href":"https:\/\/alminutonoticia.com\/noticias\/wp-json\/wp\/v2\/media\/13902"}],"wp:attachment":[{"href":"https:\/\/alminutonoticia.com\/noticias\/wp-json\/wp\/v2\/media?parent=13901"}],"wp:term":[{"taxonomy":"category","embeddable":true,"href":"https:\/\/alminutonoticia.com\/noticias\/wp-json\/wp\/v2\/categories?post=13901"},{"taxonomy":"post_tag","embeddable":true,"href":"https:\/\/alminutonoticia.com\/noticias\/wp-json\/wp\/v2\/tags?post=13901"}],"curies":[{"name":"wp","href":"https:\/\/api.w.org\/{rel}","templated":true}]}}