{"id":13898,"date":"2025-02-18T15:40:58","date_gmt":"2025-02-18T15:40:58","guid":{"rendered":"https:\/\/alminutonoticia.com\/noticias\/?p=13898"},"modified":"2025-02-18T15:41:00","modified_gmt":"2025-02-18T15:41:00","slug":"atentos-minsa-informa-el-incremento-de-los-casos-del-virus-oropouche","status":"publish","type":"post","link":"https:\/\/alminutonoticia.com\/noticias\/atentos-minsa-informa-el-incremento-de-los-casos-del-virus-oropouche\/","title":{"rendered":"Atentos, Minsa informa el incremento de los casos del virus Oropouche"},"content":{"rendered":"\n<p>El&nbsp;<strong>Ministerio de Salud (Minsa),&nbsp;<\/strong>a trav\u00e9s del departamento de Epidemiologia, inform\u00f3 que hasta la<br>semana 6 se han confirmado 153 casos del virus Oropouche en&nbsp;<strong>Dari\u00e9n y Panam\u00e1 Este.<\/strong><\/p>\n\n\n\n<p>Blas Armi\u00e9n, jefe del departamento de Epidemiologia del Minsa, explic\u00f3 que, de estos 153 casos, 151 se han detectado en Dari\u00e9n y 2 casos en el corregimiento de<strong>&nbsp;Tort\u00ed de Chepo.<\/strong><\/p>\n\n\n\n<p>Armi\u00e9n indic\u00f3 que el Minsa ha redoblado la vigilancia epidemiol\u00f3gica y recomienda a la poblaci\u00f3n usar repelente contra insectos; mosquiteros y ropa que cubra los brazos y piernas; eliminar la maleza y el agua<br>estancada.<\/p>\n\n\n\n<p>Los s\u00edntomas de la fiebre Oropouche son similares a los del&nbsp;<strong>dengue&nbsp;<\/strong>y suelen manifestarse entre 3 y 8 d\u00edas despu\u00e9s de la picadura del insecto infectado. Incluyen fiebre alta, dolor de cabeza (a menudo detr\u00e1s de los ojos), dolores musculares y articulares, n\u00e1useas, v\u00f3mitos, escalofr\u00edos y malestar general.<\/p>\n\n\n\n<p>La enfermedad por virus Oropouche es una infecci\u00f3n febril causada por la picadura de los mosquitos Culicoides y Culex (conocido como \u201cjej\u00e9n\u201d), que habitan en<strong>&nbsp;\u00e1reas selv\u00e1ticas.<\/strong><\/p>\n\n\n\n<p>Actualmente no existen vacunas ni tratamientos antivirales espec\u00edficos para la<strong>&nbsp;fiebre Oropouche<\/strong>. El manejo de la enfermedad es sintom\u00e1tico, centrado en aliviar el dolor y rehidratar al paciente.<\/p>\n\n\n\n<p>A la fecha, en Panam\u00e1 no se registra defunciones por la fiebre&nbsp;<strong>Oropouche.<\/strong><\/p>\n\n\n\n<p>El Minsa ha reforzado las estrategias en respuestas a esta situaci\u00f3n epidemiol\u00f3gica a trav\u00e9s de la Direcci\u00f3n General de Salud P\u00fablica, bajo la Resoluci\u00f3n N\u00b0 0098 del 31 de enero del 2025, por medio del cual se gir\u00f3 instrucciones a la Regi\u00f3n de Salud de Dari\u00e9n a coordinar acciones necesarias para monitorear, contener e implementar las estrategias para contener la propagaci\u00f3n del brote de&nbsp;<strong>Oropouche.<\/strong><\/p>\n\n\n\n<p>La conferencia de prensa se dio en el marco del Simposio&nbsp;<strong>Epidemiol\u00f3gico Molecular del Virus Oropouche,&nbsp;<\/strong>organizado por el Instituto Conmemorativo Gorgas de la Salud, que cont\u00f3 con la participaci\u00f3n del ministro de Salud, Fernando Boyd Galindo; Nicanor&nbsp;Obald\u00eda III, director general del Instituto Conmemorativo Gorgas; Anna Rivi\u00e9re Cinnamond, representante de la OPS en Panam\u00e1; Blas Armi\u00e9n, jefe nacional del departamento de Epidemiologia del Minsa, y Jean Paul Carrera, investigador del Instituto Conmemorativo Gorgas.<\/p>\n\n\n\n<figure class=\"wp-block-image size-full\"><a href=\"https:\/\/alminutonoticia.com\/noticias\/wp-content\/uploads\/2025\/02\/opes-770x394-1.jpg\"><img fetchpriority=\"high\" decoding=\"async\" width=\"770\" height=\"394\" src=\"https:\/\/alminutonoticia.com\/noticias\/wp-content\/uploads\/2025\/02\/opes-770x394-1.jpg\" alt=\"\" class=\"wp-image-13899\" title=\"\" srcset=\"https:\/\/alminutonoticia.com\/noticias\/wp-content\/uploads\/2025\/02\/opes-770x394-1.jpg 770w, https:\/\/alminutonoticia.com\/noticias\/wp-content\/uploads\/2025\/02\/opes-770x394-1-300x154.jpg 300w, https:\/\/alminutonoticia.com\/noticias\/wp-content\/uploads\/2025\/02\/opes-770x394-1-768x393.jpg 768w\" sizes=\"(max-width: 770px) 100vw, 770px\" \/><\/a><\/figure>\n","protected":false},"excerpt":{"rendered":"<p>El&nbsp;Ministerio de Salud (Minsa),&nbsp;a trav\u00e9s del departamento de Epidemiologia, inform\u00f3 que hasta lasemana 6 se han confirmado 153 casos del virus Oropouche en&nbsp;Dari\u00e9n y Panam\u00e1 Este. Blas Armi\u00e9n, jefe del departamento de Epidemiologia del Minsa, explic\u00f3 que, de estos 153 casos, 151 se han detectado en Dari\u00e9n y 2 casos en el corregimiento de&nbsp;Tort\u00ed de [&hellip;]<\/p>\n","protected":false},"author":3,"featured_media":13899,"comment_status":"open","ping_status":"open","sticky":false,"template":"","format":"standard","meta":{"footnotes":""},"categories":[36],"tags":[],"class_list":["post-13898","post","type-post","status-publish","format-standard","has-post-thumbnail","hentry","category-nacionales"],"_links":{"self":[{"href":"https:\/\/alminutonoticia.com\/noticias\/wp-json\/wp\/v2\/posts\/13898","targetHints":{"allow":["GET"]}}],"collection":[{"href":"https:\/\/alminutonoticia.com\/noticias\/wp-json\/wp\/v2\/posts"}],"about":[{"href":"https:\/\/alminutonoticia.com\/noticias\/wp-json\/wp\/v2\/types\/post"}],"author":[{"embeddable":true,"href":"https:\/\/alminutonoticia.com\/noticias\/wp-json\/wp\/v2\/users\/3"}],"replies":[{"embeddable":true,"href":"https:\/\/alminutonoticia.com\/noticias\/wp-json\/wp\/v2\/comments?post=13898"}],"version-history":[{"count":1,"href":"https:\/\/alminutonoticia.com\/noticias\/wp-json\/wp\/v2\/posts\/13898\/revisions"}],"predecessor-version":[{"id":13900,"href":"https:\/\/alminutonoticia.com\/noticias\/wp-json\/wp\/v2\/posts\/13898\/revisions\/13900"}],"wp:featuredmedia":[{"embeddable":true,"href":"https:\/\/alminutonoticia.com\/noticias\/wp-json\/wp\/v2\/media\/13899"}],"wp:attachment":[{"href":"https:\/\/alminutonoticia.com\/noticias\/wp-json\/wp\/v2\/media?parent=13898"}],"wp:term":[{"taxonomy":"category","embeddable":true,"href":"https:\/\/alminutonoticia.com\/noticias\/wp-json\/wp\/v2\/categories?post=13898"},{"taxonomy":"post_tag","embeddable":true,"href":"https:\/\/alminutonoticia.com\/noticias\/wp-json\/wp\/v2\/tags?post=13898"}],"curies":[{"name":"wp","href":"https:\/\/api.w.org\/{rel}","templated":true}]}}