{"id":13883,"date":"2025-02-16T23:57:18","date_gmt":"2025-02-16T23:57:18","guid":{"rendered":"https:\/\/alminutonoticia.com\/noticias\/?p=13883"},"modified":"2025-02-16T23:57:20","modified_gmt":"2025-02-16T23:57:20","slug":"saul-mendez-denuncia-al-gobierno-panameno-ante-la-oit-por-supuesta-persecucion-sindical","status":"publish","type":"post","link":"https:\/\/alminutonoticia.com\/noticias\/saul-mendez-denuncia-al-gobierno-panameno-ante-la-oit-por-supuesta-persecucion-sindical\/","title":{"rendered":"Sa\u00fal M\u00e9ndez denuncia al Gobierno paname\u00f1o ante la OIT por supuesta persecuci\u00f3n sindical"},"content":{"rendered":"\n<p>El secretario general del Sindicato \u00danico de Trabajadores de la Construcci\u00f3n y Similares<strong>&nbsp;(Suntracs),<\/strong>&nbsp;Sa\u00fal M\u00e9ndez, regres\u00f3 la noche del s\u00e1bado 15 de febrero a Panam\u00e1 tras presentar una denuncia ante la Organizaci\u00f3n Internacional del Trabajo (OIT) en Ginebra, Suiza.<\/p>\n\n\n\n<p>A su llegada al Aeropuerto Internacional de Tocumen, denunci\u00f3 p\u00fablicamente lo que considera una persecuci\u00f3n pol\u00edtica orquestada por el gobierno de Jos\u00e9&nbsp;<strong>Ra\u00fal Mulino.<\/strong><\/p>\n\n\n\n<p>M\u00e9ndez afirm\u00f3 que el cierre de las cuentas bancarias del sindicato en el Banco Nacional de Panam\u00e1 es parte de una estrategia del Ejecutivo para silenciar la lucha de los trabajadores.<\/p>\n\n\n\n<p>\u00abCada vez que hay conflictos, la medida del gobierno es cerrar las cuentas. Lo hicieron en el mandato de Laurentino Cortizo y lo repiten ahora\u00bb, se\u00f1al\u00f3. Tambi\u00e9n mencion\u00f3 que durante las protestas contra la miner\u00eda en la administraci\u00f3n pasada, se orden\u00f3 el cierre de las cuentas del Suntracs en la Caja de Ahorros.<\/p>\n\n\n\n<p>La situaci\u00f3n se produce en medio de un clima de alta tensi\u00f3n en el pa\u00eds. El pasado mi\u00e9rcoles 12 de febrero, obreros de la construcci\u00f3n tomaron la Avenida Balboa para rechazar las reformas de la Caja de Seguro Social (CSS). La manifestaci\u00f3n termin\u00f3 en enfrentamientos con unidades de la Polic\u00eda Nacional, dejando un saldo de varios heridos y m\u00e1s de 400 manifestantes arrestados.<\/p>\n\n\n\n<p>De ese grupo, 83 fueron presentados ante la justicia y la Fiscal\u00eda les imput\u00f3 cargos por seis delitos, entre ellos privaci\u00f3n de libertad, agresiones, delitos contra la vida, funcionarios en ejercicio, seguridad colectiva y patrimonio.<\/p>\n\n\n\n<p>\u201cMulino ha amenazado al Suntracs, ha intimidado a los trabajadores y manipula el sistema de justicia\u201d, asegur\u00f3 M\u00e9ndez en sus declaraciones a los periodistas.<\/p>\n\n\n\n<figure class=\"wp-block-image size-full\"><a href=\"https:\/\/alminutonoticia.com\/noticias\/wp-content\/uploads\/2025\/02\/mendez-770x470-1.jpeg\"><img fetchpriority=\"high\" decoding=\"async\" width=\"770\" height=\"470\" src=\"https:\/\/alminutonoticia.com\/noticias\/wp-content\/uploads\/2025\/02\/mendez-770x470-1.jpeg\" alt=\"\" class=\"wp-image-13884\" title=\"\" srcset=\"https:\/\/alminutonoticia.com\/noticias\/wp-content\/uploads\/2025\/02\/mendez-770x470-1.jpeg 770w, https:\/\/alminutonoticia.com\/noticias\/wp-content\/uploads\/2025\/02\/mendez-770x470-1-300x183.jpeg 300w, https:\/\/alminutonoticia.com\/noticias\/wp-content\/uploads\/2025\/02\/mendez-770x470-1-768x469.jpeg 768w\" sizes=\"(max-width: 770px) 100vw, 770px\" \/><\/a><\/figure>\n","protected":false},"excerpt":{"rendered":"<p>El secretario general del Sindicato \u00danico de Trabajadores de la Construcci\u00f3n y Similares&nbsp;(Suntracs),&nbsp;Sa\u00fal M\u00e9ndez, regres\u00f3 la noche del s\u00e1bado 15 de febrero a Panam\u00e1 tras presentar una denuncia ante la Organizaci\u00f3n Internacional del Trabajo (OIT) en Ginebra, Suiza. A su llegada al Aeropuerto Internacional de Tocumen, denunci\u00f3 p\u00fablicamente lo que considera una persecuci\u00f3n pol\u00edtica orquestada [&hellip;]<\/p>\n","protected":false},"author":3,"featured_media":13884,"comment_status":"open","ping_status":"open","sticky":false,"template":"","format":"standard","meta":{"footnotes":""},"categories":[36],"tags":[],"class_list":["post-13883","post","type-post","status-publish","format-standard","has-post-thumbnail","hentry","category-nacionales"],"_links":{"self":[{"href":"https:\/\/alminutonoticia.com\/noticias\/wp-json\/wp\/v2\/posts\/13883","targetHints":{"allow":["GET"]}}],"collection":[{"href":"https:\/\/alminutonoticia.com\/noticias\/wp-json\/wp\/v2\/posts"}],"about":[{"href":"https:\/\/alminutonoticia.com\/noticias\/wp-json\/wp\/v2\/types\/post"}],"author":[{"embeddable":true,"href":"https:\/\/alminutonoticia.com\/noticias\/wp-json\/wp\/v2\/users\/3"}],"replies":[{"embeddable":true,"href":"https:\/\/alminutonoticia.com\/noticias\/wp-json\/wp\/v2\/comments?post=13883"}],"version-history":[{"count":1,"href":"https:\/\/alminutonoticia.com\/noticias\/wp-json\/wp\/v2\/posts\/13883\/revisions"}],"predecessor-version":[{"id":13885,"href":"https:\/\/alminutonoticia.com\/noticias\/wp-json\/wp\/v2\/posts\/13883\/revisions\/13885"}],"wp:featuredmedia":[{"embeddable":true,"href":"https:\/\/alminutonoticia.com\/noticias\/wp-json\/wp\/v2\/media\/13884"}],"wp:attachment":[{"href":"https:\/\/alminutonoticia.com\/noticias\/wp-json\/wp\/v2\/media?parent=13883"}],"wp:term":[{"taxonomy":"category","embeddable":true,"href":"https:\/\/alminutonoticia.com\/noticias\/wp-json\/wp\/v2\/categories?post=13883"},{"taxonomy":"post_tag","embeddable":true,"href":"https:\/\/alminutonoticia.com\/noticias\/wp-json\/wp\/v2\/tags?post=13883"}],"curies":[{"name":"wp","href":"https:\/\/api.w.org\/{rel}","templated":true}]}}