{"id":13877,"date":"2025-02-16T23:52:45","date_gmt":"2025-02-16T23:52:45","guid":{"rendered":"https:\/\/alminutonoticia.com\/noticias\/?p=13877"},"modified":"2025-02-16T23:52:46","modified_gmt":"2025-02-16T23:52:46","slug":"monsenor-ulloa-llama-a-la-unidad-y-rechaza-la-violencia-en-panama","status":"publish","type":"post","link":"https:\/\/alminutonoticia.com\/noticias\/monsenor-ulloa-llama-a-la-unidad-y-rechaza-la-violencia-en-panama\/","title":{"rendered":"Monse\u00f1or Ulloa llama a la unidad y rechaza la violencia en Panam\u00e1"},"content":{"rendered":"\n<p>En un mensaje lleno de reflexi\u00f3n y urgencia, monse\u00f1or<strong>&nbsp;Jos\u00e9 Domingo Ulloa Mendieta&nbsp;<\/strong>hizo un llamado a la unidad nacional y al cese de la violencia en el pa\u00eds. Durante su homil\u00eda de este domingo 16 de febrero, el arzobispo enfatiz\u00f3 la necesidad de construir un Panam\u00e1 basado en la verdad, la justicia y el bien com\u00fan.<\/p>\n\n\n\n<p>Ulloa advirti\u00f3 que el pa\u00eds no puede seguir&nbsp;<strong>dividido&nbsp;<\/strong>y en constante confrontaci\u00f3n, pues eso solo retrasa el progreso y profundiza las desigualdades. \u201cNo podemos seguir aplazando la<strong>&nbsp;b\u00fasqueda de la unidad<\/strong>&nbsp;y la reconciliaci\u00f3n\u201d, expres\u00f3, insistiendo en que solo mediante el respeto y el di\u00e1logo sincero se podr\u00e1 alcanzar la paz real.<\/p>\n\n\n\n<p>El l\u00edder religioso tambi\u00e9n se refiri\u00f3 a las injusticias sociales que afectan a Panam\u00e1, calific\u00e1ndolas como \u201cuna forma de violencia silenciosa\u201d que golpea a los sectores m\u00e1s vulnerables. Como ejemplo, mencion\u00f3 la crisis de la Caja de Seguro Social, que sigue siendo un reflejo de la desigualdad y&nbsp;<strong>exclusi\u00f3n que viven muchos paname\u00f1os.<\/strong><\/p>\n\n\n\n<p>Asimismo, el arzobispo fue enf\u00e1tico en rechazar cualquier forma de violencia como respuesta a las problem\u00e1ticas del pa\u00eds. \u201cLa violencia solo engendra m\u00e1s violencia\u201d, afirm\u00f3, subrayando que la soluci\u00f3n est\u00e1 en el amor, la verdad y el compromiso de todos para generar cambios positivos.<\/p>\n\n\n\n<p>Para finalizar, Ulloa inst\u00f3 a los ciudadanos, l\u00edderes y autoridades a asumir con responsabilidad su rol en la construcci\u00f3n de un pa\u00eds m\u00e1s justo e inclusivo. Seg\u00fan el religioso, Panam\u00e1 necesita gobernantes y ciudadanos con verdadero sentido de patriotismo, que trabajen por el bienestar de la naci\u00f3n sin dejarse llevar por intereses personales o conflictos que solo generan m\u00e1s sufrimiento.<\/p>\n\n\n\n<figure class=\"wp-block-image\"><img decoding=\"async\" src=\"https:\/\/informatpanama.com\/wp-content\/uploads\/2025\/02\/arzobispo.jpeg\" alt=\"Monse\u00f1or Ulloa.\" title=\"\"><\/figure>\n","protected":false},"excerpt":{"rendered":"<p>En un mensaje lleno de reflexi\u00f3n y urgencia, monse\u00f1or&nbsp;Jos\u00e9 Domingo Ulloa Mendieta&nbsp;hizo un llamado a la unidad nacional y al cese de la violencia en el pa\u00eds. Durante su homil\u00eda de este domingo 16 de febrero, el arzobispo enfatiz\u00f3 la necesidad de construir un Panam\u00e1 basado en la verdad, la justicia y el bien com\u00fan. [&hellip;]<\/p>\n","protected":false},"author":3,"featured_media":13878,"comment_status":"open","ping_status":"open","sticky":false,"template":"","format":"standard","meta":{"footnotes":""},"categories":[36],"tags":[],"class_list":["post-13877","post","type-post","status-publish","format-standard","has-post-thumbnail","hentry","category-nacionales"],"_links":{"self":[{"href":"https:\/\/alminutonoticia.com\/noticias\/wp-json\/wp\/v2\/posts\/13877","targetHints":{"allow":["GET"]}}],"collection":[{"href":"https:\/\/alminutonoticia.com\/noticias\/wp-json\/wp\/v2\/posts"}],"about":[{"href":"https:\/\/alminutonoticia.com\/noticias\/wp-json\/wp\/v2\/types\/post"}],"author":[{"embeddable":true,"href":"https:\/\/alminutonoticia.com\/noticias\/wp-json\/wp\/v2\/users\/3"}],"replies":[{"embeddable":true,"href":"https:\/\/alminutonoticia.com\/noticias\/wp-json\/wp\/v2\/comments?post=13877"}],"version-history":[{"count":1,"href":"https:\/\/alminutonoticia.com\/noticias\/wp-json\/wp\/v2\/posts\/13877\/revisions"}],"predecessor-version":[{"id":13879,"href":"https:\/\/alminutonoticia.com\/noticias\/wp-json\/wp\/v2\/posts\/13877\/revisions\/13879"}],"wp:featuredmedia":[{"embeddable":true,"href":"https:\/\/alminutonoticia.com\/noticias\/wp-json\/wp\/v2\/media\/13878"}],"wp:attachment":[{"href":"https:\/\/alminutonoticia.com\/noticias\/wp-json\/wp\/v2\/media?parent=13877"}],"wp:term":[{"taxonomy":"category","embeddable":true,"href":"https:\/\/alminutonoticia.com\/noticias\/wp-json\/wp\/v2\/categories?post=13877"},{"taxonomy":"post_tag","embeddable":true,"href":"https:\/\/alminutonoticia.com\/noticias\/wp-json\/wp\/v2\/tags?post=13877"}],"curies":[{"name":"wp","href":"https:\/\/api.w.org\/{rel}","templated":true}]}}