{"id":13871,"date":"2025-02-16T23:40:51","date_gmt":"2025-02-16T23:40:51","guid":{"rendered":"https:\/\/alminutonoticia.com\/noticias\/?p=13871"},"modified":"2025-02-16T23:40:54","modified_gmt":"2025-02-16T23:40:54","slug":"panama-sub-17-avanza-invicta-al-mundial-de-qatar-2025","status":"publish","type":"post","link":"https:\/\/alminutonoticia.com\/noticias\/panama-sub-17-avanza-invicta-al-mundial-de-qatar-2025\/","title":{"rendered":"Panam\u00e1 Sub-17 avanza invicta al Mundial de Qatar 2025"},"content":{"rendered":"\n<p>La selecci\u00f3n Sub-17 de Panam\u00e1 hizo historia al clasificar de manera perfecta al Mundial de la categor\u00eda que se jugar\u00e1 en noviembre en Qatar. Con una destacada actuaci\u00f3n en el Grupo G del Clasificatorio de Concacaf, los juveniles paname\u00f1os terminaron l\u00edderes con puntaje ideal y se convirtieron en el primer equipo del \u00e1rea en sellar su boleto a la cita mundialista.<\/p>\n\n\n\n<p>El equipo nacional asegur\u00f3 su pase tras vencer 2-1 a Rep\u00fablica Dominicana en el Estadio Rommel Fern\u00e1ndez. Mikel Prado abri\u00f3 la cuenta al minuto 30 con un elegante remate de rev\u00e9s dentro del \u00e1rea, pero los caribe\u00f1os respondieron antes del descanso con un gol de Joseph L\u00f3pez al 44\u2019. Cuando parec\u00eda que el partido terminar\u00eda en empate, Estevis L\u00f3pez apareci\u00f3 al 87\u2019 con un zurdazo que le dio la victoria y el pase a Panam\u00e1.<\/p>\n\n\n\n<p>Con este desempe\u00f1o, Panam\u00e1 logr\u00f3 una clasificaci\u00f3n hist\u00f3rica, sumando tres victorias en tres partidos, con 13 goles a favor y solo uno en contra. Adem\u00e1s, es la primera vez que el equipo juvenil consigue avanzar con un 100% de efectividad en las eliminatorias, un logro que solo han alcanzado M\u00e9xico y Estados Unidos en el pasado.<\/p>\n\n\n\n<p>Este ser\u00e1 el cuarto Mundial Sub-17 en el que participar\u00e1 la selecci\u00f3n paname\u00f1a, habiendo estado previamente en M\u00e9xico 2011, Emiratos \u00c1rabes Unidos 2013 e Indonesia 2023.<\/p>\n\n\n\n<p>Con la mirada puesta en el Mundial, la Sub-17 paname\u00f1a demuestra que el f\u00fatbol juvenil sigue creciendo y que el pa\u00eds tiene talento de sobra para competir al m\u00e1s alto nivel. Ahora, el reto ser\u00e1 prepararse para dejar en alto el nombre de Panam\u00e1 en Qatar 2025.<\/p>\n\n\n\n<figure class=\"wp-block-image size-full\"><a href=\"https:\/\/alminutonoticia.com\/noticias\/wp-content\/uploads\/2025\/02\/fepafut-770x470-1.jpeg\"><img fetchpriority=\"high\" decoding=\"async\" width=\"770\" height=\"470\" src=\"https:\/\/alminutonoticia.com\/noticias\/wp-content\/uploads\/2025\/02\/fepafut-770x470-1.jpeg\" alt=\"\" class=\"wp-image-13872\" title=\"\" srcset=\"https:\/\/alminutonoticia.com\/noticias\/wp-content\/uploads\/2025\/02\/fepafut-770x470-1.jpeg 770w, https:\/\/alminutonoticia.com\/noticias\/wp-content\/uploads\/2025\/02\/fepafut-770x470-1-300x183.jpeg 300w, https:\/\/alminutonoticia.com\/noticias\/wp-content\/uploads\/2025\/02\/fepafut-770x470-1-768x469.jpeg 768w\" sizes=\"(max-width: 770px) 100vw, 770px\" \/><\/a><\/figure>\n","protected":false},"excerpt":{"rendered":"<p>La selecci\u00f3n Sub-17 de Panam\u00e1 hizo historia al clasificar de manera perfecta al Mundial de la categor\u00eda que se jugar\u00e1 en noviembre en Qatar. Con una destacada actuaci\u00f3n en el Grupo G del Clasificatorio de Concacaf, los juveniles paname\u00f1os terminaron l\u00edderes con puntaje ideal y se convirtieron en el primer equipo del \u00e1rea en sellar [&hellip;]<\/p>\n","protected":false},"author":3,"featured_media":13872,"comment_status":"open","ping_status":"open","sticky":false,"template":"","format":"standard","meta":{"footnotes":""},"categories":[36],"tags":[],"class_list":["post-13871","post","type-post","status-publish","format-standard","has-post-thumbnail","hentry","category-nacionales"],"_links":{"self":[{"href":"https:\/\/alminutonoticia.com\/noticias\/wp-json\/wp\/v2\/posts\/13871","targetHints":{"allow":["GET"]}}],"collection":[{"href":"https:\/\/alminutonoticia.com\/noticias\/wp-json\/wp\/v2\/posts"}],"about":[{"href":"https:\/\/alminutonoticia.com\/noticias\/wp-json\/wp\/v2\/types\/post"}],"author":[{"embeddable":true,"href":"https:\/\/alminutonoticia.com\/noticias\/wp-json\/wp\/v2\/users\/3"}],"replies":[{"embeddable":true,"href":"https:\/\/alminutonoticia.com\/noticias\/wp-json\/wp\/v2\/comments?post=13871"}],"version-history":[{"count":1,"href":"https:\/\/alminutonoticia.com\/noticias\/wp-json\/wp\/v2\/posts\/13871\/revisions"}],"predecessor-version":[{"id":13873,"href":"https:\/\/alminutonoticia.com\/noticias\/wp-json\/wp\/v2\/posts\/13871\/revisions\/13873"}],"wp:featuredmedia":[{"embeddable":true,"href":"https:\/\/alminutonoticia.com\/noticias\/wp-json\/wp\/v2\/media\/13872"}],"wp:attachment":[{"href":"https:\/\/alminutonoticia.com\/noticias\/wp-json\/wp\/v2\/media?parent=13871"}],"wp:term":[{"taxonomy":"category","embeddable":true,"href":"https:\/\/alminutonoticia.com\/noticias\/wp-json\/wp\/v2\/categories?post=13871"},{"taxonomy":"post_tag","embeddable":true,"href":"https:\/\/alminutonoticia.com\/noticias\/wp-json\/wp\/v2\/tags?post=13871"}],"curies":[{"name":"wp","href":"https:\/\/api.w.org\/{rel}","templated":true}]}}