{"id":13868,"date":"2025-02-16T23:38:27","date_gmt":"2025-02-16T23:38:27","guid":{"rendered":"https:\/\/alminutonoticia.com\/noticias\/?p=13868"},"modified":"2025-02-16T23:38:28","modified_gmt":"2025-02-16T23:38:28","slug":"mitradel-investiga-incidente-laboral-en-puerto-de-la-empresa-psa","status":"publish","type":"post","link":"https:\/\/alminutonoticia.com\/noticias\/mitradel-investiga-incidente-laboral-en-puerto-de-la-empresa-psa\/","title":{"rendered":"Mitradel investiga incidente laboral en puerto de la empresa PSA"},"content":{"rendered":"\n<p>El Ministerio de Trabajo y Desarrollo Laboral (Mitradel), lamenta el accidente laboral ocurrido en el puerto de la empresa&nbsp;<strong>Panama International Terminal (PSA)<\/strong>, en el \u00e1rea del muelle sur, e investiga las causas a trav\u00e9s de la Direcci\u00f3n Nacional de Inspecci\u00f3n, en el cual result\u00f3 en el<strong>&nbsp;fallecimiento de un trabajador<\/strong>&nbsp;y en lesiones a otro, ambos empleados de la empresa Talleres Industriales de Panam\u00e1.<\/p>\n\n\n\n<p>Inspectores del Mitradel se apersonaron al puerto para realizar una investigaci\u00f3n con el fin de esclarecer las circunstancias del incidente.&nbsp;<strong>Durante la intervenci\u00f3n,&nbsp;<\/strong>se busc\u00f3 asegurar que el proceso avanzara con transparencia y tomar las medidas necesarias para prevenir situaciones similares en el futuro. Cabe resaltar que el puerto cuenta con su propio equipo de oficiales de seguridad, quienes tambi\u00e9n desempe\u00f1an un papel en la supervisi\u00f3n de las actividades y la seguridad en el lugar.<\/p>\n\n\n\n<p>El&nbsp;<strong>Mitradel&nbsp;<\/strong>hace un llamado a los empleadores y trabajadores para que tomen las acciones correctivas correspondientes, a fin de evitar sanciones y sobre todo, reducir los riesgos laborales.<\/p>\n\n\n\n<p>La entidad no solo tiene la funci\u00f3n de fiscalizar, sino tambi\u00e9n de orientar a&nbsp;<strong>las empresas&nbsp;<\/strong>sobre el cumplimiento de la normativa laboral vigente.<\/p>\n\n\n\n<figure class=\"wp-block-image size-full\"><a href=\"https:\/\/alminutonoticia.com\/noticias\/wp-content\/uploads\/2025\/02\/mitradeles-640x470-1.jpg\"><img fetchpriority=\"high\" decoding=\"async\" width=\"640\" height=\"470\" src=\"https:\/\/alminutonoticia.com\/noticias\/wp-content\/uploads\/2025\/02\/mitradeles-640x470-1.jpg\" alt=\"\" class=\"wp-image-13869\" title=\"\" srcset=\"https:\/\/alminutonoticia.com\/noticias\/wp-content\/uploads\/2025\/02\/mitradeles-640x470-1.jpg 640w, https:\/\/alminutonoticia.com\/noticias\/wp-content\/uploads\/2025\/02\/mitradeles-640x470-1-300x220.jpg 300w\" sizes=\"(max-width: 640px) 100vw, 640px\" \/><\/a><\/figure>\n","protected":false},"excerpt":{"rendered":"<p>El Ministerio de Trabajo y Desarrollo Laboral (Mitradel), lamenta el accidente laboral ocurrido en el puerto de la empresa&nbsp;Panama International Terminal (PSA), en el \u00e1rea del muelle sur, e investiga las causas a trav\u00e9s de la Direcci\u00f3n Nacional de Inspecci\u00f3n, en el cual result\u00f3 en el&nbsp;fallecimiento de un trabajador&nbsp;y en lesiones a otro, ambos empleados [&hellip;]<\/p>\n","protected":false},"author":3,"featured_media":13869,"comment_status":"open","ping_status":"open","sticky":false,"template":"","format":"standard","meta":{"footnotes":""},"categories":[36],"tags":[],"class_list":["post-13868","post","type-post","status-publish","format-standard","has-post-thumbnail","hentry","category-nacionales"],"_links":{"self":[{"href":"https:\/\/alminutonoticia.com\/noticias\/wp-json\/wp\/v2\/posts\/13868","targetHints":{"allow":["GET"]}}],"collection":[{"href":"https:\/\/alminutonoticia.com\/noticias\/wp-json\/wp\/v2\/posts"}],"about":[{"href":"https:\/\/alminutonoticia.com\/noticias\/wp-json\/wp\/v2\/types\/post"}],"author":[{"embeddable":true,"href":"https:\/\/alminutonoticia.com\/noticias\/wp-json\/wp\/v2\/users\/3"}],"replies":[{"embeddable":true,"href":"https:\/\/alminutonoticia.com\/noticias\/wp-json\/wp\/v2\/comments?post=13868"}],"version-history":[{"count":1,"href":"https:\/\/alminutonoticia.com\/noticias\/wp-json\/wp\/v2\/posts\/13868\/revisions"}],"predecessor-version":[{"id":13870,"href":"https:\/\/alminutonoticia.com\/noticias\/wp-json\/wp\/v2\/posts\/13868\/revisions\/13870"}],"wp:featuredmedia":[{"embeddable":true,"href":"https:\/\/alminutonoticia.com\/noticias\/wp-json\/wp\/v2\/media\/13869"}],"wp:attachment":[{"href":"https:\/\/alminutonoticia.com\/noticias\/wp-json\/wp\/v2\/media?parent=13868"}],"wp:term":[{"taxonomy":"category","embeddable":true,"href":"https:\/\/alminutonoticia.com\/noticias\/wp-json\/wp\/v2\/categories?post=13868"},{"taxonomy":"post_tag","embeddable":true,"href":"https:\/\/alminutonoticia.com\/noticias\/wp-json\/wp\/v2\/tags?post=13868"}],"curies":[{"name":"wp","href":"https:\/\/api.w.org\/{rel}","templated":true}]}}