{"id":13865,"date":"2025-02-16T23:35:45","date_gmt":"2025-02-16T23:35:45","guid":{"rendered":"https:\/\/alminutonoticia.com\/noticias\/?p=13865"},"modified":"2025-02-16T23:35:46","modified_gmt":"2025-02-16T23:35:46","slug":"juzgado-espanol-reactiva-investigacion-contra-ricardo-martinelli-por-presunto-espionaje-a-expareja","status":"publish","type":"post","link":"https:\/\/alminutonoticia.com\/noticias\/juzgado-espanol-reactiva-investigacion-contra-ricardo-martinelli-por-presunto-espionaje-a-expareja\/","title":{"rendered":"Juzgado espa\u00f1ol reactiva investigaci\u00f3n contra Ricardo Martinelli por presunto espionaje a expareja"},"content":{"rendered":"\n<p>El expresidente paname\u00f1o Ricardo Martinelli enfrenta una nueva acusaci\u00f3n en Espa\u00f1a, luego de que un tribunal de Palma de Mallorca reactivara una causa en su contra por supuesta violencia de g\u00e9nero. El exmandatario es se\u00f1alado de haber espiado a una expareja en 2020 con la presunta ayuda de agentes de la Guardia Civil espa\u00f1ola.<\/p>\n\n\n\n<p>La investigaci\u00f3n, que comenz\u00f3 en 2022 tras una denuncia interpuesta en los juzgados de Palma de Mallorca, revel\u00f3 que varios agentes realizaron seguimientos, tomaron fotograf\u00edas y monitorearon la ubicaci\u00f3n de la mujer por \u00f3rdenes de Martinelli. Incluso, se descubri\u00f3 que exist\u00eda un grupo de WhatsApp llamado&nbsp;<strong>\u201cOperaci\u00f3n Cacat\u00faa\u201d<\/strong>, donde los involucrados compart\u00edan informaci\u00f3n sobre los movimientos de la v\u00edctima.<\/p>\n\n\n\n<p>Este esc\u00e1ndalo llev\u00f3 a la detenci\u00f3n de cuatro guardias civiles, un militar y otras dos personas, quienes fueron acusados de haber formado parte de un&nbsp;<strong>\u201cgrupo parapolicial\u201d&nbsp;<\/strong>que operaba fuera de sus horas de servicio. Adem\u00e1s, se conoci\u00f3 que la mujer sospechaba que su tel\u00e9fono hab\u00eda sido intervenido con el software de espionaje&nbsp;<strong>Pegasus.<\/strong><\/p>\n\n\n\n<p>Pese a los se\u00f1alamientos en su contra, Martinelli intent\u00f3 que la causa fuera archivada alegando que los plazos de instrucci\u00f3n se hab\u00edan excedido. Sin embargo, la&nbsp;<strong>Audiencia Provincial de Palma<\/strong>&nbsp;rechaz\u00f3 su recurso y ratific\u00f3 la decisi\u00f3n del juzgado de violencia sobre la mujer, que orden\u00f3 citarlo a declarar a trav\u00e9s de una \u201ccomisi\u00f3n rogatoria\u201d.<\/p>\n\n\n\n<p>El exgobernante, quien actualmente permanece asilado en la embajada de Nicaragua en Panam\u00e1, fue imputado por los delitos de<strong>&nbsp;organizaci\u00f3n criminal, acoso y revelaci\u00f3n de secretos.<\/strong>&nbsp;Esta nueva acusaci\u00f3n se suma a sus problemas legales en Panam\u00e1, donde ya fue condenado a m\u00e1s de diez a\u00f1os de c\u00e1rcel por el caso New Business y a\u00fan enfrenta juicio por el esc\u00e1ndalo de corrupci\u00f3n de Odebrecht.<\/p>\n\n\n\n<p>Con la reciente decisi\u00f3n de la justicia espa\u00f1ola, el caso toma un nuevo giro, manteniendo a Martinelli en el centro de la pol\u00e9mica y aumentando la presi\u00f3n en torno a su situaci\u00f3n judicial, tanto dentro como fuera de Panam\u00e1.<\/p>\n\n\n\n<figure class=\"wp-block-image size-full\"><a href=\"https:\/\/alminutonoticia.com\/noticias\/wp-content\/uploads\/2025\/02\/martine.jpg\"><img fetchpriority=\"high\" decoding=\"async\" width=\"770\" height=\"470\" src=\"https:\/\/alminutonoticia.com\/noticias\/wp-content\/uploads\/2025\/02\/martine.jpg\" alt=\"\" class=\"wp-image-13866\" title=\"\" srcset=\"https:\/\/alminutonoticia.com\/noticias\/wp-content\/uploads\/2025\/02\/martine.jpg 770w, https:\/\/alminutonoticia.com\/noticias\/wp-content\/uploads\/2025\/02\/martine-300x183.jpg 300w, https:\/\/alminutonoticia.com\/noticias\/wp-content\/uploads\/2025\/02\/martine-768x469.jpg 768w\" sizes=\"(max-width: 770px) 100vw, 770px\" \/><\/a><figcaption class=\"wp-element-caption\">El expresidente paname\u00f1o Ricardo Martinelli en Ciudad de Panam\u00e1 (Panam\u00e1). EFE\/ Bienvenido Velasco<\/figcaption><\/figure>\n","protected":false},"excerpt":{"rendered":"<p>El expresidente paname\u00f1o Ricardo Martinelli enfrenta una nueva acusaci\u00f3n en Espa\u00f1a, luego de que un tribunal de Palma de Mallorca reactivara una causa en su contra por supuesta violencia de g\u00e9nero. El exmandatario es se\u00f1alado de haber espiado a una expareja en 2020 con la presunta ayuda de agentes de la Guardia Civil espa\u00f1ola. La [&hellip;]<\/p>\n","protected":false},"author":3,"featured_media":13866,"comment_status":"open","ping_status":"open","sticky":false,"template":"","format":"standard","meta":{"footnotes":""},"categories":[1],"tags":[],"class_list":["post-13865","post","type-post","status-publish","format-standard","has-post-thumbnail","hentry","category-sin-categoria"],"_links":{"self":[{"href":"https:\/\/alminutonoticia.com\/noticias\/wp-json\/wp\/v2\/posts\/13865","targetHints":{"allow":["GET"]}}],"collection":[{"href":"https:\/\/alminutonoticia.com\/noticias\/wp-json\/wp\/v2\/posts"}],"about":[{"href":"https:\/\/alminutonoticia.com\/noticias\/wp-json\/wp\/v2\/types\/post"}],"author":[{"embeddable":true,"href":"https:\/\/alminutonoticia.com\/noticias\/wp-json\/wp\/v2\/users\/3"}],"replies":[{"embeddable":true,"href":"https:\/\/alminutonoticia.com\/noticias\/wp-json\/wp\/v2\/comments?post=13865"}],"version-history":[{"count":1,"href":"https:\/\/alminutonoticia.com\/noticias\/wp-json\/wp\/v2\/posts\/13865\/revisions"}],"predecessor-version":[{"id":13867,"href":"https:\/\/alminutonoticia.com\/noticias\/wp-json\/wp\/v2\/posts\/13865\/revisions\/13867"}],"wp:featuredmedia":[{"embeddable":true,"href":"https:\/\/alminutonoticia.com\/noticias\/wp-json\/wp\/v2\/media\/13866"}],"wp:attachment":[{"href":"https:\/\/alminutonoticia.com\/noticias\/wp-json\/wp\/v2\/media?parent=13865"}],"wp:term":[{"taxonomy":"category","embeddable":true,"href":"https:\/\/alminutonoticia.com\/noticias\/wp-json\/wp\/v2\/categories?post=13865"},{"taxonomy":"post_tag","embeddable":true,"href":"https:\/\/alminutonoticia.com\/noticias\/wp-json\/wp\/v2\/tags?post=13865"}],"curies":[{"name":"wp","href":"https:\/\/api.w.org\/{rel}","templated":true}]}}