{"id":13862,"date":"2025-02-16T23:32:35","date_gmt":"2025-02-16T23:32:35","guid":{"rendered":"https:\/\/alminutonoticia.com\/noticias\/?p=13862"},"modified":"2025-02-16T23:33:37","modified_gmt":"2025-02-16T23:33:37","slug":"44079-vehiculos-han-viajado-hacia-el-interior-del-pais-policia-despliega-inversion-de-carriles","status":"publish","type":"post","link":"https:\/\/alminutonoticia.com\/noticias\/44079-vehiculos-han-viajado-hacia-el-interior-del-pais-policia-despliega-inversion-de-carriles\/","title":{"rendered":"44,079 veh\u00edculos han viajado hacia el interior del pa\u00eds, Polic\u00eda despliega inversi\u00f3n de carriles"},"content":{"rendered":"\n<p>La Polic\u00eda Nacional a trav\u00e9s de la<strong>&nbsp;Direcci\u00f3n Nacional de Operaciones del Tr\u00e1nsito<\/strong>, siguiendo los lineamientos de la Operaci\u00f3n Firmeza informan a los usuarios de las v\u00edas p\u00fablicas, que el aforo de veh\u00edculos es de unos 44,079, los cuales se han movilizados hacia el interior de la Rep\u00fablica.<\/p>\n\n\n\n<p>Las unidades policiales implementar\u00e1n el dispositvo de inversi\u00f3n de carriles a partir de las 2:00 de la tarde hasta las desde 6:00 horas de hoy domingo 16 de 2025.<\/p>\n\n\n\n<p>El subteniente<strong>&nbsp;William Laguna<\/strong>&nbsp;indic\u00f3 que los operativos de seguridad vial tendr\u00e1n presencia de vigilancia y regulaci\u00f3n del tr\u00e1fico vehicular desde el sector de Gorgona hasta Sajalices, as\u00ed como tambi\u00e9n del poblado de&nbsp;<strong>Capira hasta La Chorrera<\/strong>&nbsp;con direcci\u00f3n hacia la ciudad de Panam\u00e1.<\/p>\n\n\n\n<p>Se les reitera a los conductores respetar las normas establecidas en el Reglamento del Tr\u00e1nsito para prevenir accidentes viales que se registren en perjuicio de peatones, pasajeros y conductores de otros veh\u00edculos que se movilizan en las diversas carreteras y&nbsp;<strong>autopistas del pa\u00eds.<\/strong><\/p>\n\n\n\n<figure class=\"wp-block-image\"><img decoding=\"async\" src=\"https:\/\/informatpanama.com\/wp-content\/uploads\/2025\/02\/carriles.jpg\" alt=\"Carriles.\" title=\"\"><\/figure>\n","protected":false},"excerpt":{"rendered":"<p>La Polic\u00eda Nacional a trav\u00e9s de la&nbsp;Direcci\u00f3n Nacional de Operaciones del Tr\u00e1nsito, siguiendo los lineamientos de la Operaci\u00f3n Firmeza informan a los usuarios de las v\u00edas p\u00fablicas, que el aforo de veh\u00edculos es de unos 44,079, los cuales se han movilizados hacia el interior de la Rep\u00fablica. Las unidades policiales implementar\u00e1n el dispositvo de inversi\u00f3n [&hellip;]<\/p>\n","protected":false},"author":3,"featured_media":13863,"comment_status":"open","ping_status":"open","sticky":false,"template":"","format":"standard","meta":{"footnotes":""},"categories":[36],"tags":[],"class_list":["post-13862","post","type-post","status-publish","format-standard","has-post-thumbnail","hentry","category-nacionales"],"_links":{"self":[{"href":"https:\/\/alminutonoticia.com\/noticias\/wp-json\/wp\/v2\/posts\/13862","targetHints":{"allow":["GET"]}}],"collection":[{"href":"https:\/\/alminutonoticia.com\/noticias\/wp-json\/wp\/v2\/posts"}],"about":[{"href":"https:\/\/alminutonoticia.com\/noticias\/wp-json\/wp\/v2\/types\/post"}],"author":[{"embeddable":true,"href":"https:\/\/alminutonoticia.com\/noticias\/wp-json\/wp\/v2\/users\/3"}],"replies":[{"embeddable":true,"href":"https:\/\/alminutonoticia.com\/noticias\/wp-json\/wp\/v2\/comments?post=13862"}],"version-history":[{"count":1,"href":"https:\/\/alminutonoticia.com\/noticias\/wp-json\/wp\/v2\/posts\/13862\/revisions"}],"predecessor-version":[{"id":13864,"href":"https:\/\/alminutonoticia.com\/noticias\/wp-json\/wp\/v2\/posts\/13862\/revisions\/13864"}],"wp:featuredmedia":[{"embeddable":true,"href":"https:\/\/alminutonoticia.com\/noticias\/wp-json\/wp\/v2\/media\/13863"}],"wp:attachment":[{"href":"https:\/\/alminutonoticia.com\/noticias\/wp-json\/wp\/v2\/media?parent=13862"}],"wp:term":[{"taxonomy":"category","embeddable":true,"href":"https:\/\/alminutonoticia.com\/noticias\/wp-json\/wp\/v2\/categories?post=13862"},{"taxonomy":"post_tag","embeddable":true,"href":"https:\/\/alminutonoticia.com\/noticias\/wp-json\/wp\/v2\/tags?post=13862"}],"curies":[{"name":"wp","href":"https:\/\/api.w.org\/{rel}","templated":true}]}}