{"id":13859,"date":"2025-02-13T14:03:24","date_gmt":"2025-02-13T14:03:24","guid":{"rendered":"https:\/\/alminutonoticia.com\/noticias\/?p=13859"},"modified":"2025-02-13T14:03:26","modified_gmt":"2025-02-13T14:03:26","slug":"mizrachi-a-suntracs-a-donde-mandamos-la-factura-tras-destrozos-en-protesta","status":"publish","type":"post","link":"https:\/\/alminutonoticia.com\/noticias\/mizrachi-a-suntracs-a-donde-mandamos-la-factura-tras-destrozos-en-protesta\/","title":{"rendered":"Mizrachi a Suntracs: \u2018\u00bfA d\u00f3nde mandamos la factura?\u2019 tras destrozos en protesta\u2019"},"content":{"rendered":"\n<p>Luego de los enfrentamientos entre miembros del Sindicato \u00danico Nacional de Trabajadores de la Industria de la<strong>&nbsp;Construcci\u00f3n y Similares (Suntracs)&nbsp;<\/strong>y unidades de la Polic\u00eda Nacional en la avenida Balboa, el panorama qued\u00f3 lleno de escombros. Ante esto, cuadrillas de la Alcald\u00eda de Panam\u00e1 se encargaron de la limpieza, un trabajo que el propio alcalde Mayer Mizrachi document\u00f3 en sus redes sociales.<\/p>\n\n\n\n<p>Mizrachi no dud\u00f3 en lanzarle un mensaje directo al secretario general del Suntracs,&nbsp;<strong>Sa\u00fal M\u00e9ndez<\/strong>. \u201c\u00bfHola, Sa\u00fal, a d\u00f3nde te mandamos la factura?\u201d, escribi\u00f3 en su cuenta de X, dejando claro que los destrozos deben tener consecuencias.<\/p>\n\n\n\n<p>Adem\u00e1s, calific\u00f3 la protesta como<strong>&nbsp;\u00abterrorista\u00bb<\/strong>&nbsp;y se\u00f1al\u00f3 que los materiales arrojados pertenecen al Estado, lo que representa un da\u00f1o al patrimonio p\u00fablico.<\/p>\n\n\n\n<p>Pero la cosa no qued\u00f3 ah\u00ed. El Alcalde tambi\u00e9n hizo un llamado a la&nbsp;<strong>Polic\u00eda Nacional<\/strong>&nbsp;para que los detenidos por los disturbios sean puestos a limpiar la avenida Balboa junto al equipo de \u00e1reas verdes de la Alcald\u00eda. \u201cQue comiencen a limpiar sus propios desastres. El mensaje lo reciben todos\u201d, sentenci\u00f3.<\/p>\n\n\n\n<p>Hasta el momento, las autoridades reportan m\u00e1s de 400 personas detenidas tras las protestas del 12 de febrero.<\/p>\n\n\n\n<figure class=\"wp-block-image size-full\"><a href=\"https:\/\/alminutonoticia.com\/noticias\/wp-content\/uploads\/2025\/02\/mizrachis-770x470-1.jpg\"><img fetchpriority=\"high\" decoding=\"async\" width=\"770\" height=\"470\" src=\"https:\/\/alminutonoticia.com\/noticias\/wp-content\/uploads\/2025\/02\/mizrachis-770x470-1.jpg\" alt=\"\" class=\"wp-image-13860\" title=\"\" srcset=\"https:\/\/alminutonoticia.com\/noticias\/wp-content\/uploads\/2025\/02\/mizrachis-770x470-1.jpg 770w, https:\/\/alminutonoticia.com\/noticias\/wp-content\/uploads\/2025\/02\/mizrachis-770x470-1-300x183.jpg 300w, https:\/\/alminutonoticia.com\/noticias\/wp-content\/uploads\/2025\/02\/mizrachis-770x470-1-768x469.jpg 768w\" sizes=\"(max-width: 770px) 100vw, 770px\" \/><\/a><\/figure>\n","protected":false},"excerpt":{"rendered":"<p>Luego de los enfrentamientos entre miembros del Sindicato \u00danico Nacional de Trabajadores de la Industria de la&nbsp;Construcci\u00f3n y Similares (Suntracs)&nbsp;y unidades de la Polic\u00eda Nacional en la avenida Balboa, el panorama qued\u00f3 lleno de escombros. Ante esto, cuadrillas de la Alcald\u00eda de Panam\u00e1 se encargaron de la limpieza, un trabajo que el propio alcalde Mayer [&hellip;]<\/p>\n","protected":false},"author":3,"featured_media":13860,"comment_status":"open","ping_status":"open","sticky":false,"template":"","format":"standard","meta":{"footnotes":""},"categories":[36],"tags":[],"class_list":["post-13859","post","type-post","status-publish","format-standard","has-post-thumbnail","hentry","category-nacionales"],"_links":{"self":[{"href":"https:\/\/alminutonoticia.com\/noticias\/wp-json\/wp\/v2\/posts\/13859","targetHints":{"allow":["GET"]}}],"collection":[{"href":"https:\/\/alminutonoticia.com\/noticias\/wp-json\/wp\/v2\/posts"}],"about":[{"href":"https:\/\/alminutonoticia.com\/noticias\/wp-json\/wp\/v2\/types\/post"}],"author":[{"embeddable":true,"href":"https:\/\/alminutonoticia.com\/noticias\/wp-json\/wp\/v2\/users\/3"}],"replies":[{"embeddable":true,"href":"https:\/\/alminutonoticia.com\/noticias\/wp-json\/wp\/v2\/comments?post=13859"}],"version-history":[{"count":1,"href":"https:\/\/alminutonoticia.com\/noticias\/wp-json\/wp\/v2\/posts\/13859\/revisions"}],"predecessor-version":[{"id":13861,"href":"https:\/\/alminutonoticia.com\/noticias\/wp-json\/wp\/v2\/posts\/13859\/revisions\/13861"}],"wp:featuredmedia":[{"embeddable":true,"href":"https:\/\/alminutonoticia.com\/noticias\/wp-json\/wp\/v2\/media\/13860"}],"wp:attachment":[{"href":"https:\/\/alminutonoticia.com\/noticias\/wp-json\/wp\/v2\/media?parent=13859"}],"wp:term":[{"taxonomy":"category","embeddable":true,"href":"https:\/\/alminutonoticia.com\/noticias\/wp-json\/wp\/v2\/categories?post=13859"},{"taxonomy":"post_tag","embeddable":true,"href":"https:\/\/alminutonoticia.com\/noticias\/wp-json\/wp\/v2\/tags?post=13859"}],"curies":[{"name":"wp","href":"https:\/\/api.w.org\/{rel}","templated":true}]}}