{"id":13856,"date":"2025-02-13T14:01:41","date_gmt":"2025-02-13T14:01:41","guid":{"rendered":"https:\/\/alminutonoticia.com\/noticias\/?p=13856"},"modified":"2025-02-13T14:01:43","modified_gmt":"2025-02-13T14:01:43","slug":"padres-de-familias-atentos-a-la-venta-atada-o-condicionada-en-este-periodo-escolar","status":"publish","type":"post","link":"https:\/\/alminutonoticia.com\/noticias\/padres-de-familias-atentos-a-la-venta-atada-o-condicionada-en-este-periodo-escolar\/","title":{"rendered":"Padres de familias atentos a la venta atada o condicionada en este per\u00edodo escolar"},"content":{"rendered":"\n<p>La Autoridad de Protecci\u00f3n al&nbsp;<strong>Consumidor y Defensa de la Competencia (Acodeco)<\/strong>&nbsp;recuerda que los planteles educativos no pueden obligar a adquirir \u00fatiles escolares de determinada marca en comercios espec\u00edficos o comprar los textos solo en el colegio, porque se estar\u00eda incurriendo en condicionar el servicio educativo con la denominada venta atada.&nbsp;<\/p>\n\n\n\n<p>Sin embargo, es v\u00e1lido recomendar, m\u00e1s<strong>&nbsp;no exigir marcas espec\u00edficas ya<\/strong>&nbsp;que el padre de familia o estudiante debe tener la facultad de decidir qu\u00e9 comprar.<\/p>\n\n\n\n<p>La venta atada es aquella situaci\u00f3n donde la comercializaci\u00f3n de un bien o prestaci\u00f3n de un servicio est\u00e1 condicionada a que se compre o se adquiera otro bien o servicio, ajeno o diferente al primero. Igualmente, se da cuando se le obliga al&nbsp;<strong>consumidor adquirir determinado<\/strong>&nbsp;producto en un local, sin la opci\u00f3n de comprar en otro lugar.&nbsp; Cuando la venta atada perjudique la libre elecci\u00f3n de los consumidores y pueda reducir la competencia, se le considera perjudicial y es sancionable.<\/p>\n\n\n\n<p>En Panam\u00e1, la norma que se refiere a la venta atada se encuentra en el art\u00edculo 36, numeral 15, de la Ley 45 de 2007, que establece como una&nbsp;<strong>obligaci\u00f3n del proveedor<\/strong>&nbsp;\u201cabstenerse de realizar acciones orientadas a restringir el abastecimiento, la circulaci\u00f3n o la distribuci\u00f3n de bienes o servicios, a trav\u00e9s del acaparamiento o la venta atada o condicionada, salvo que medie justa causa\u201d. Esta norma se refiere a la situaci\u00f3n en la venta atada, se haga al consumidor final.<\/p>\n\n\n\n<p>Si un consumidor considera que es afectado por una venta atada o condicionada, se recomienda que presente la denuncia, la cual puede ser an\u00f3nima, pero debe detallar el nombre y ubicaci\u00f3n del agente econ\u00f3mico, as\u00ed como la descripci\u00f3n de la falta.&nbsp; Estos son datos importantes, que ayudar\u00e1n a verificar la denuncia.<\/p>\n\n\n\n<p>La Acodeco recuerda que toda denuncia o queja formal contra un centro educativo particular, se puede hacer a trav\u00e9s del asistente virtual Sindi (Sistema de Informaci\u00f3n y Denuncia Institucional) que funciona las 24 horas los 7 d\u00edas de la semana, mediante el WhatsApp y Telegram al 6330-3333, las cuentas de las redes sociales AcodecoPma en Facebook, X y la p\u00e1gina web de esta instituci\u00f3n.<\/p>\n\n\n\n<figure class=\"wp-block-image size-full\"><a href=\"https:\/\/alminutonoticia.com\/noticias\/wp-content\/uploads\/2025\/02\/atadas.jpg\"><img fetchpriority=\"high\" decoding=\"async\" width=\"750\" height=\"440\" src=\"https:\/\/alminutonoticia.com\/noticias\/wp-content\/uploads\/2025\/02\/atadas.jpg\" alt=\"\" class=\"wp-image-13857\" title=\"\" srcset=\"https:\/\/alminutonoticia.com\/noticias\/wp-content\/uploads\/2025\/02\/atadas.jpg 750w, https:\/\/alminutonoticia.com\/noticias\/wp-content\/uploads\/2025\/02\/atadas-300x176.jpg 300w\" sizes=\"(max-width: 750px) 100vw, 750px\" \/><\/a><\/figure>\n","protected":false},"excerpt":{"rendered":"<p>La Autoridad de Protecci\u00f3n al&nbsp;Consumidor y Defensa de la Competencia (Acodeco)&nbsp;recuerda que los planteles educativos no pueden obligar a adquirir \u00fatiles escolares de determinada marca en comercios espec\u00edficos o comprar los textos solo en el colegio, porque se estar\u00eda incurriendo en condicionar el servicio educativo con la denominada venta atada.&nbsp; Sin embargo, es v\u00e1lido recomendar, [&hellip;]<\/p>\n","protected":false},"author":3,"featured_media":13857,"comment_status":"open","ping_status":"open","sticky":false,"template":"","format":"standard","meta":{"footnotes":""},"categories":[36],"tags":[],"class_list":["post-13856","post","type-post","status-publish","format-standard","has-post-thumbnail","hentry","category-nacionales"],"_links":{"self":[{"href":"https:\/\/alminutonoticia.com\/noticias\/wp-json\/wp\/v2\/posts\/13856","targetHints":{"allow":["GET"]}}],"collection":[{"href":"https:\/\/alminutonoticia.com\/noticias\/wp-json\/wp\/v2\/posts"}],"about":[{"href":"https:\/\/alminutonoticia.com\/noticias\/wp-json\/wp\/v2\/types\/post"}],"author":[{"embeddable":true,"href":"https:\/\/alminutonoticia.com\/noticias\/wp-json\/wp\/v2\/users\/3"}],"replies":[{"embeddable":true,"href":"https:\/\/alminutonoticia.com\/noticias\/wp-json\/wp\/v2\/comments?post=13856"}],"version-history":[{"count":1,"href":"https:\/\/alminutonoticia.com\/noticias\/wp-json\/wp\/v2\/posts\/13856\/revisions"}],"predecessor-version":[{"id":13858,"href":"https:\/\/alminutonoticia.com\/noticias\/wp-json\/wp\/v2\/posts\/13856\/revisions\/13858"}],"wp:featuredmedia":[{"embeddable":true,"href":"https:\/\/alminutonoticia.com\/noticias\/wp-json\/wp\/v2\/media\/13857"}],"wp:attachment":[{"href":"https:\/\/alminutonoticia.com\/noticias\/wp-json\/wp\/v2\/media?parent=13856"}],"wp:term":[{"taxonomy":"category","embeddable":true,"href":"https:\/\/alminutonoticia.com\/noticias\/wp-json\/wp\/v2\/categories?post=13856"},{"taxonomy":"post_tag","embeddable":true,"href":"https:\/\/alminutonoticia.com\/noticias\/wp-json\/wp\/v2\/tags?post=13856"}],"curies":[{"name":"wp","href":"https:\/\/api.w.org\/{rel}","templated":true}]}}