{"id":13850,"date":"2025-02-13T13:58:31","date_gmt":"2025-02-13T13:58:31","guid":{"rendered":"https:\/\/alminutonoticia.com\/noticias\/?p=13850"},"modified":"2025-02-13T13:58:34","modified_gmt":"2025-02-13T13:58:34","slug":"suspenden-clases-en-la-universidad-de-panama-por-protesta-estudiantil","status":"publish","type":"post","link":"https:\/\/alminutonoticia.com\/noticias\/suspenden-clases-en-la-universidad-de-panama-por-protesta-estudiantil\/","title":{"rendered":"Suspenden clases en la Universidad de Panam\u00e1 por protesta estudiantil"},"content":{"rendered":"\n<p>La Universidad de Panam\u00e1 suspendi\u00f3 clases la tarde de este mi\u00e9rcoles 12 de febrero en varias facultades del campus central, luego de que un grupo de estudiantes cerrara la v\u00eda Trans\u00edstmica en protesta.<\/p>\n\n\n\n<p>El rector Eduardo Flores anunci\u00f3 la suspensi\u00f3n de actividades en distintas facultades debido a la afectaci\u00f3n causada por la manifestaci\u00f3n.&nbsp;<em>\u00abSe suspenden las labores acad\u00e9micas y administrativas en el d\u00eda de hoy, mi\u00e9rcoles 12 de febrero, en el Campus Octavio M\u00e9ndez Pereira, en las Facultades de Administraci\u00f3n de Empresas, Educaci\u00f3n y Administraci\u00f3n P\u00fablica\u00bb,<\/em>&nbsp;inform\u00f3.<\/p>\n\n\n\n<p>El cierre de la v\u00eda gener\u00f3 caos en el tr\u00e1nsito y oblig\u00f3 a la empresa MiBus a modificar sus rutas. Ante la situaci\u00f3n, unidades antimotines de la Polic\u00eda Nacional llegaron al lugar para intentar restablecer el orden.<\/p>\n\n\n\n<p>Hasta el momento, no se ha confirmado si las clases se retomar\u00e1n con normalidad este jueves.<\/p>\n\n\n\n<figure class=\"wp-block-image size-full\"><a href=\"https:\/\/alminutonoticia.com\/noticias\/wp-content\/uploads\/2025\/02\/UP-1-1.jpg\"><img fetchpriority=\"high\" decoding=\"async\" width=\"770\" height=\"470\" src=\"https:\/\/alminutonoticia.com\/noticias\/wp-content\/uploads\/2025\/02\/UP-1-1.jpg\" alt=\"\" class=\"wp-image-13851\" title=\"\" srcset=\"https:\/\/alminutonoticia.com\/noticias\/wp-content\/uploads\/2025\/02\/UP-1-1.jpg 770w, https:\/\/alminutonoticia.com\/noticias\/wp-content\/uploads\/2025\/02\/UP-1-1-300x183.jpg 300w, https:\/\/alminutonoticia.com\/noticias\/wp-content\/uploads\/2025\/02\/UP-1-1-768x469.jpg 768w\" sizes=\"(max-width: 770px) 100vw, 770px\" \/><\/a><\/figure>\n","protected":false},"excerpt":{"rendered":"<p>La Universidad de Panam\u00e1 suspendi\u00f3 clases la tarde de este mi\u00e9rcoles 12 de febrero en varias facultades del campus central, luego de que un grupo de estudiantes cerrara la v\u00eda Trans\u00edstmica en protesta. El rector Eduardo Flores anunci\u00f3 la suspensi\u00f3n de actividades en distintas facultades debido a la afectaci\u00f3n causada por la manifestaci\u00f3n.&nbsp;\u00abSe suspenden las [&hellip;]<\/p>\n","protected":false},"author":3,"featured_media":13851,"comment_status":"open","ping_status":"open","sticky":false,"template":"","format":"standard","meta":{"footnotes":""},"categories":[36],"tags":[],"class_list":["post-13850","post","type-post","status-publish","format-standard","has-post-thumbnail","hentry","category-nacionales"],"_links":{"self":[{"href":"https:\/\/alminutonoticia.com\/noticias\/wp-json\/wp\/v2\/posts\/13850","targetHints":{"allow":["GET"]}}],"collection":[{"href":"https:\/\/alminutonoticia.com\/noticias\/wp-json\/wp\/v2\/posts"}],"about":[{"href":"https:\/\/alminutonoticia.com\/noticias\/wp-json\/wp\/v2\/types\/post"}],"author":[{"embeddable":true,"href":"https:\/\/alminutonoticia.com\/noticias\/wp-json\/wp\/v2\/users\/3"}],"replies":[{"embeddable":true,"href":"https:\/\/alminutonoticia.com\/noticias\/wp-json\/wp\/v2\/comments?post=13850"}],"version-history":[{"count":1,"href":"https:\/\/alminutonoticia.com\/noticias\/wp-json\/wp\/v2\/posts\/13850\/revisions"}],"predecessor-version":[{"id":13852,"href":"https:\/\/alminutonoticia.com\/noticias\/wp-json\/wp\/v2\/posts\/13850\/revisions\/13852"}],"wp:featuredmedia":[{"embeddable":true,"href":"https:\/\/alminutonoticia.com\/noticias\/wp-json\/wp\/v2\/media\/13851"}],"wp:attachment":[{"href":"https:\/\/alminutonoticia.com\/noticias\/wp-json\/wp\/v2\/media?parent=13850"}],"wp:term":[{"taxonomy":"category","embeddable":true,"href":"https:\/\/alminutonoticia.com\/noticias\/wp-json\/wp\/v2\/categories?post=13850"},{"taxonomy":"post_tag","embeddable":true,"href":"https:\/\/alminutonoticia.com\/noticias\/wp-json\/wp\/v2\/tags?post=13850"}],"curies":[{"name":"wp","href":"https:\/\/api.w.org\/{rel}","templated":true}]}}