{"id":13846,"date":"2025-02-13T13:56:50","date_gmt":"2025-02-13T13:56:50","guid":{"rendered":"https:\/\/alminutonoticia.com\/noticias\/?p=13846"},"modified":"2025-02-13T13:56:53","modified_gmt":"2025-02-13T13:56:53","slug":"evaluaran-no-reeleccion-a-cargo-de-rector-en-universidades-oficiales","status":"publish","type":"post","link":"https:\/\/alminutonoticia.com\/noticias\/evaluaran-no-reeleccion-a-cargo-de-rector-en-universidades-oficiales\/","title":{"rendered":"Evaluar\u00e1n no reelecci\u00f3n a cargo de rector en universidades oficiales"},"content":{"rendered":"\n<p>Un\u00e1nimemente, miembros de la Comisi\u00f3n de&nbsp;<strong>Educaci\u00f3n, Cultura y Deportes<\/strong>&nbsp;aprobaron nombrar una subcomisi\u00f3n para un amplio an\u00e1lisis al proyecto de ley 83, por el cual se establece el principio de la no reelecci\u00f3n inmediata, al cargo de rector en las universidades oficiales de Panam\u00e1.<\/p>\n\n\n\n<p>Esta subcomisi\u00f3n ser\u00e1 integrada por los diputados&nbsp;<strong>Gertrudis Rodr\u00edguez<\/strong>, Ariana Coba e Isaac Mosquera.<\/p>\n\n\n\n<p>El rector de la Universidad de Panam\u00e1, Eduardo Flores, manifest\u00f3 que esta norma es perjudicial, ya que las principales e importantes universidades del mundo, como la de Chile, Costa Rica, Salamanca y Par\u00eds -esta \u00faltima que cuentan con 600 a\u00f1os de formaci\u00f3n- destacan que es saludable permitir, por lo menos, una vez la reelecci\u00f3n.<\/p>\n\n\n\n<p>El proponente de la norma, diputado<strong>&nbsp;Eduardo Cede\u00f1o<\/strong>, indic\u00f3 que se busca enriquecer y evitar que los rectores se perpet\u00faen en los cargos, para que se le d\u00e9 la oportunidad al relevo y no se&nbsp;<strong>abuse del poder<\/strong>, e impedir el rejuego democr\u00e1tico.<\/p>\n\n\n\n<p>Por otra parte, esta instancia legislativa prohij\u00f3 los anteproyectos de ley; uno de ellos establecer\u00e1 un programa de alto rendimiento deportivo y<strong>&nbsp;medicina deportiva.&nbsp;<\/strong><\/p>\n\n\n\n<p>El proponente indic\u00f3 que ser\u00e1 para hacer del pa\u00eds una industria y potenciar ese alto rendimiento deportivo, en ni\u00f1os y j\u00f3venes que nos representan en competencias de gran relevancia.&nbsp;<\/p>\n\n\n\n<p>Tambi\u00e9n el anteproyecto que dicta la Ley&nbsp;<strong>General de Deporte y Recreaci\u00f3n.<\/strong>&nbsp;<\/p>\n\n\n\n<figure class=\"wp-block-image size-full\"><a href=\"https:\/\/alminutonoticia.com\/noticias\/wp-content\/uploads\/2025\/02\/cedeno-770x470-1.jpeg\"><img fetchpriority=\"high\" decoding=\"async\" width=\"770\" height=\"470\" src=\"https:\/\/alminutonoticia.com\/noticias\/wp-content\/uploads\/2025\/02\/cedeno-770x470-1.jpeg\" alt=\"\" class=\"wp-image-13847\" title=\"\" srcset=\"https:\/\/alminutonoticia.com\/noticias\/wp-content\/uploads\/2025\/02\/cedeno-770x470-1.jpeg 770w, https:\/\/alminutonoticia.com\/noticias\/wp-content\/uploads\/2025\/02\/cedeno-770x470-1-300x183.jpeg 300w, https:\/\/alminutonoticia.com\/noticias\/wp-content\/uploads\/2025\/02\/cedeno-770x470-1-768x469.jpeg 768w\" sizes=\"(max-width: 770px) 100vw, 770px\" \/><\/a><\/figure>\n","protected":false},"excerpt":{"rendered":"<p>Un\u00e1nimemente, miembros de la Comisi\u00f3n de&nbsp;Educaci\u00f3n, Cultura y Deportes&nbsp;aprobaron nombrar una subcomisi\u00f3n para un amplio an\u00e1lisis al proyecto de ley 83, por el cual se establece el principio de la no reelecci\u00f3n inmediata, al cargo de rector en las universidades oficiales de Panam\u00e1. Esta subcomisi\u00f3n ser\u00e1 integrada por los diputados&nbsp;Gertrudis Rodr\u00edguez, Ariana Coba e Isaac [&hellip;]<\/p>\n","protected":false},"author":3,"featured_media":13847,"comment_status":"open","ping_status":"open","sticky":false,"template":"","format":"standard","meta":{"footnotes":""},"categories":[36],"tags":[],"class_list":["post-13846","post","type-post","status-publish","format-standard","has-post-thumbnail","hentry","category-nacionales"],"_links":{"self":[{"href":"https:\/\/alminutonoticia.com\/noticias\/wp-json\/wp\/v2\/posts\/13846","targetHints":{"allow":["GET"]}}],"collection":[{"href":"https:\/\/alminutonoticia.com\/noticias\/wp-json\/wp\/v2\/posts"}],"about":[{"href":"https:\/\/alminutonoticia.com\/noticias\/wp-json\/wp\/v2\/types\/post"}],"author":[{"embeddable":true,"href":"https:\/\/alminutonoticia.com\/noticias\/wp-json\/wp\/v2\/users\/3"}],"replies":[{"embeddable":true,"href":"https:\/\/alminutonoticia.com\/noticias\/wp-json\/wp\/v2\/comments?post=13846"}],"version-history":[{"count":1,"href":"https:\/\/alminutonoticia.com\/noticias\/wp-json\/wp\/v2\/posts\/13846\/revisions"}],"predecessor-version":[{"id":13848,"href":"https:\/\/alminutonoticia.com\/noticias\/wp-json\/wp\/v2\/posts\/13846\/revisions\/13848"}],"wp:featuredmedia":[{"embeddable":true,"href":"https:\/\/alminutonoticia.com\/noticias\/wp-json\/wp\/v2\/media\/13847"}],"wp:attachment":[{"href":"https:\/\/alminutonoticia.com\/noticias\/wp-json\/wp\/v2\/media?parent=13846"}],"wp:term":[{"taxonomy":"category","embeddable":true,"href":"https:\/\/alminutonoticia.com\/noticias\/wp-json\/wp\/v2\/categories?post=13846"},{"taxonomy":"post_tag","embeddable":true,"href":"https:\/\/alminutonoticia.com\/noticias\/wp-json\/wp\/v2\/tags?post=13846"}],"curies":[{"name":"wp","href":"https:\/\/api.w.org\/{rel}","templated":true}]}}