{"id":13824,"date":"2025-02-13T13:39:40","date_gmt":"2025-02-13T13:39:40","guid":{"rendered":"https:\/\/alminutonoticia.com\/noticias\/?p=13824"},"modified":"2025-02-13T13:39:42","modified_gmt":"2025-02-13T13:39:42","slug":"policia-nacional-contara-con-camaras-corporales-para-registrar-sus-acciones-operativas","status":"publish","type":"post","link":"https:\/\/alminutonoticia.com\/noticias\/policia-nacional-contara-con-camaras-corporales-para-registrar-sus-acciones-operativas\/","title":{"rendered":"Polic\u00eda Nacional contar\u00e1 con c\u00e1maras corporales para registrar sus acciones operativas"},"content":{"rendered":"\n<p>El tercer debate del&nbsp;<strong>Proyecto 90<\/strong>&nbsp;define el marco legal para la modalidad del uso de c\u00e1maras corporales en la&nbsp;<strong>Polic\u00eda Nacional&nbsp;<\/strong>proporcion\u00e1ndole la tecnolog\u00eda para documentar la realidad de los hechos y mejorar la interrelaci\u00f3n unidades-ciudadanos.<\/p>\n\n\n\n<p>Con 49 votos, se aprob\u00f3 el proyecto que establece el r\u00e9gimen de c\u00e1maras corporales utilizadas por la Polic\u00eda Nacional.<\/p>\n\n\n\n<p>El diputado proponente,&nbsp;<strong>Jos\u00e9 P\u00e9rez Barboni<\/strong>, destac\u00f3 que su efecto ser\u00e1 a largo plazo, pero que contribuir\u00e1 a mejorar las diligencias de seguridad, porque ahora habr\u00e1 la evidencia de las acciones que desarrollen dichas unidades como parte de las pol\u00edticas<strong>&nbsp;p\u00fablicas institucional.<\/strong><\/p>\n\n\n\n<p>La norma legal aprobada aplica que el uso de las c\u00e1maras ser\u00e1 en situaciones donde sea necesario mantener y restablecer el orden p\u00fablico, intervenci\u00f3n en emergencias, operaciones de seguridad y vigilancia, control de tr\u00e1fico y aplicaci\u00f3n de la Ley de Tr\u00e1nsito.<\/p>\n\n\n\n<p>Adem\u00e1s, en&nbsp; cumplimiento de<strong>&nbsp;\u00f3rdenes judiciales<\/strong>, mediaci\u00f3n y resoluci\u00f3n de conflictos y en todos los usos de fuerza por parte de oficiales de la polic\u00eda.<\/p>\n\n\n\n<p><strong>REGLAS DE DOCUMENTACI\u00d3N<\/strong><\/p>\n\n\n\n<p>En el&nbsp;<strong>Proyecto 90<\/strong>&nbsp;se especifica que este material video gr\u00e1fico deber\u00e1 ser almacenado, sin la posibilidad de ser editado o eliminado.<\/p>\n\n\n\n<p>Los oficiales tambi\u00e9n se ver\u00e1n obligados a informarles a los ciudadanos que est\u00e1n siendo captados en c\u00e1mara como procedimiento de la intervenci\u00f3n policial; sin embargo, no necesitan el permiso del individuo para iniciar la grabaci\u00f3n.<\/p>\n\n\n\n<p>Los videos podr\u00e1n ser revisados posteriormente para la realizaci\u00f3n de informes e incluso en la preparaci\u00f3n de procedimientos judiciales.<\/p>\n\n\n\n<p>Durante la discusi\u00f3n en el hemiciclo, estuvieron presente representantes de alto rango de la Polic\u00eda Nacional,&nbsp;<strong>Ministerio P\u00fablico y la AIG,<\/strong>&nbsp;los cuales participaron activamente en la forma y modificaciones del documento, que ser\u00e1 enviado al Ejecutivo para el tr\u00e1mite de evaluaci\u00f3n correspondiente.<\/p>\n\n\n\n<figure class=\"wp-block-image size-full\"><a href=\"https:\/\/alminutonoticia.com\/noticias\/wp-content\/uploads\/2025\/02\/poli-1-770x470-1.jpg\"><img fetchpriority=\"high\" decoding=\"async\" width=\"770\" height=\"470\" src=\"https:\/\/alminutonoticia.com\/noticias\/wp-content\/uploads\/2025\/02\/poli-1-770x470-1.jpg\" alt=\"\" class=\"wp-image-13825\" title=\"\" srcset=\"https:\/\/alminutonoticia.com\/noticias\/wp-content\/uploads\/2025\/02\/poli-1-770x470-1.jpg 770w, https:\/\/alminutonoticia.com\/noticias\/wp-content\/uploads\/2025\/02\/poli-1-770x470-1-300x183.jpg 300w, https:\/\/alminutonoticia.com\/noticias\/wp-content\/uploads\/2025\/02\/poli-1-770x470-1-768x469.jpg 768w\" sizes=\"(max-width: 770px) 100vw, 770px\" \/><\/a><\/figure>\n","protected":false},"excerpt":{"rendered":"<p>El tercer debate del&nbsp;Proyecto 90&nbsp;define el marco legal para la modalidad del uso de c\u00e1maras corporales en la&nbsp;Polic\u00eda Nacional&nbsp;proporcion\u00e1ndole la tecnolog\u00eda para documentar la realidad de los hechos y mejorar la interrelaci\u00f3n unidades-ciudadanos. Con 49 votos, se aprob\u00f3 el proyecto que establece el r\u00e9gimen de c\u00e1maras corporales utilizadas por la Polic\u00eda Nacional. El diputado proponente,&nbsp;Jos\u00e9 [&hellip;]<\/p>\n","protected":false},"author":3,"featured_media":13825,"comment_status":"open","ping_status":"open","sticky":false,"template":"","format":"standard","meta":{"footnotes":""},"categories":[36],"tags":[],"class_list":["post-13824","post","type-post","status-publish","format-standard","has-post-thumbnail","hentry","category-nacionales"],"_links":{"self":[{"href":"https:\/\/alminutonoticia.com\/noticias\/wp-json\/wp\/v2\/posts\/13824","targetHints":{"allow":["GET"]}}],"collection":[{"href":"https:\/\/alminutonoticia.com\/noticias\/wp-json\/wp\/v2\/posts"}],"about":[{"href":"https:\/\/alminutonoticia.com\/noticias\/wp-json\/wp\/v2\/types\/post"}],"author":[{"embeddable":true,"href":"https:\/\/alminutonoticia.com\/noticias\/wp-json\/wp\/v2\/users\/3"}],"replies":[{"embeddable":true,"href":"https:\/\/alminutonoticia.com\/noticias\/wp-json\/wp\/v2\/comments?post=13824"}],"version-history":[{"count":1,"href":"https:\/\/alminutonoticia.com\/noticias\/wp-json\/wp\/v2\/posts\/13824\/revisions"}],"predecessor-version":[{"id":13826,"href":"https:\/\/alminutonoticia.com\/noticias\/wp-json\/wp\/v2\/posts\/13824\/revisions\/13826"}],"wp:featuredmedia":[{"embeddable":true,"href":"https:\/\/alminutonoticia.com\/noticias\/wp-json\/wp\/v2\/media\/13825"}],"wp:attachment":[{"href":"https:\/\/alminutonoticia.com\/noticias\/wp-json\/wp\/v2\/media?parent=13824"}],"wp:term":[{"taxonomy":"category","embeddable":true,"href":"https:\/\/alminutonoticia.com\/noticias\/wp-json\/wp\/v2\/categories?post=13824"},{"taxonomy":"post_tag","embeddable":true,"href":"https:\/\/alminutonoticia.com\/noticias\/wp-json\/wp\/v2\/tags?post=13824"}],"curies":[{"name":"wp","href":"https:\/\/api.w.org\/{rel}","templated":true}]}}