{"id":13821,"date":"2025-02-13T13:38:01","date_gmt":"2025-02-13T13:38:01","guid":{"rendered":"https:\/\/alminutonoticia.com\/noticias\/?p=13821"},"modified":"2025-02-13T13:38:04","modified_gmt":"2025-02-13T13:38:04","slug":"autoridades-de-panama-y-costa-rica-establecen-protocolos-para-el-flujo-migratorio-inverso","status":"publish","type":"post","link":"https:\/\/alminutonoticia.com\/noticias\/autoridades-de-panama-y-costa-rica-establecen-protocolos-para-el-flujo-migratorio-inverso\/","title":{"rendered":"Autoridades de Panam\u00e1 y Costa Rica establecen protocolos para el flujo migratorio inverso"},"content":{"rendered":"\n<p>En un esfuerzo conjunto para fortalecer la gesti\u00f3n migratoria en la regi\u00f3n, los ministros de Seguridad P\u00fablica de Panam\u00e1 y Costa Rica,&nbsp;<strong>Frank Alexis Abrego y Mario Zamora Cordero<\/strong>, sostuvieron un encuentro en territorio costarricense para para analizar y optimizar el flujo de retorno inverso de norte a sur.<\/p>\n\n\n\n<p>La reuni\u00f3n, que tuvo como objetivo establecer mecanismos efectivos que permitan el retorno seguro, ordenado y humanitario de los migrantes irregulares a sus pa\u00edses de origen, ambas autoridades reafirmaron su compromiso de implementar estrategias coordinadas que garantizan el respeto a los derechos humanos de los migrantes, al tiempo que refuercen la seguridad y el control en la ruta migratoria.<\/p>\n\n\n\n<p>El ministro Abrego explic\u00f3 que esta primera reuni\u00f3n permiti\u00f3 establecer un protocolo inicial para gestionar el retorno de migrantes irregulares, que contempla su concentraci\u00f3n en el Centro de Atenci\u00f3n al Migrante (Catem) en Costa Rica, desde donde ser\u00edan trasladados a&nbsp;<strong>Metet\u00ed o Los Planes de Gualaca<\/strong>, y posteriormente repatriados por v\u00eda a\u00e9rea o mar\u00edtima a sus pa\u00edses de origen, en coordinaci\u00f3n con el memorando de entendimiento suscrito con&nbsp;<strong>Estados Unidos.<\/strong><\/p>\n\n\n\n<p>Durante el encuentro, se acord\u00f3 que los migrantes irregulares deber\u00e1n presentarse en el&nbsp;<strong>Catem<\/strong>, donde se registrar\u00e1n sus datos y se les realizar\u00e1 un control biom\u00e9trico para verificar la ausencia de antecedentes delictivos.<\/p>\n\n\n\n<p>Por su parte, el ministro&nbsp;<strong>Zamora&nbsp;<\/strong>calific\u00f3 de eficaz el sistema implementado por ambos pa\u00edses para el tr\u00e1nsito de migrantes desde Dari\u00e9n hasta Pe\u00f1as Blancas, en la frontera con&nbsp;<strong>Nicaragua.<\/strong><\/p>\n\n\n\n<p>Las autoridades de<strong>&nbsp;Panam\u00e1 y Costa Rica<\/strong>&nbsp;contin\u00faan analizando estrategias para gestionar el flujo migratorio inverso. Entre las medidas consideradas, destaca la implementaci\u00f3n del mismo sistema de transporte en autobuses desde el Catem hasta Lajas Blancas, donde los migrantes recibir\u00edan asistencia antes de su retorno al sur.<\/p>\n\n\n\n<p>El ministro Zamora confirm\u00f3 que el Catem ser\u00e1 el punto de control biom\u00e9trico previo al ingreso de los migrantes a Panam\u00e1, lo que permitir\u00e1 identificar y retirar de circulaci\u00f3n a quienes cuenten con antecedentes penales.&nbsp;<strong>\u201cQueremos garantizar un flujo migratorio ordenado,<\/strong>&nbsp;legal, humanitario y seguro. Esta reuni\u00f3n marca el inicio de una coordinaci\u00f3n que busca asegurar el regreso de los migrantes a sus pa\u00edses de origen en condiciones adecuadas\u201d, se\u00f1al\u00f3.<\/p>\n\n\n\n<p>Hasta el momento, el retorno de migrantes ha sido lento, pero muestra una tendencia al aumento. El objetivo es evitar que permanezcan en situaci\u00f3n de calle en&nbsp;<strong>Costa Rica y Panam\u00e1.<\/strong><\/p>\n\n\n\n<p>El ministro Abrego estuvo acompa\u00f1ado por el director del<strong>&nbsp;Servicio Nacional de Fronteras<\/strong>&nbsp;(Senafront), Jorge Gobea, y el director del Servicio Nacional de Migraci\u00f3n (SNM),&nbsp;<strong>Roger Mojica.<\/strong><\/p>\n\n\n\n<p>Tambi\u00e9n participaron en la reuni\u00f3n la ministra de Relaciones Exteriores de Costa Rica,&nbsp;<strong>Lidia Peralta&nbsp;<\/strong>Cordero y representantes de la Organizaci\u00f3n Internacional para las Migraciones<strong>&nbsp;(OIM)<\/strong>, quienes destacaron la existencia de un programa de retorno voluntario para los migrantes.<\/p>\n\n\n\n<figure class=\"wp-block-image size-full\"><a href=\"https:\/\/alminutonoticia.com\/noticias\/wp-content\/uploads\/2025\/02\/cr-770x470-1.jpeg\"><img fetchpriority=\"high\" decoding=\"async\" width=\"770\" height=\"470\" src=\"https:\/\/alminutonoticia.com\/noticias\/wp-content\/uploads\/2025\/02\/cr-770x470-1.jpeg\" alt=\"\" class=\"wp-image-13822\" title=\"\" srcset=\"https:\/\/alminutonoticia.com\/noticias\/wp-content\/uploads\/2025\/02\/cr-770x470-1.jpeg 770w, https:\/\/alminutonoticia.com\/noticias\/wp-content\/uploads\/2025\/02\/cr-770x470-1-300x183.jpeg 300w, https:\/\/alminutonoticia.com\/noticias\/wp-content\/uploads\/2025\/02\/cr-770x470-1-768x469.jpeg 768w\" sizes=\"(max-width: 770px) 100vw, 770px\" \/><\/a><\/figure>\n","protected":false},"excerpt":{"rendered":"<p>En un esfuerzo conjunto para fortalecer la gesti\u00f3n migratoria en la regi\u00f3n, los ministros de Seguridad P\u00fablica de Panam\u00e1 y Costa Rica,&nbsp;Frank Alexis Abrego y Mario Zamora Cordero, sostuvieron un encuentro en territorio costarricense para para analizar y optimizar el flujo de retorno inverso de norte a sur. La reuni\u00f3n, que tuvo como objetivo establecer [&hellip;]<\/p>\n","protected":false},"author":3,"featured_media":13822,"comment_status":"open","ping_status":"open","sticky":false,"template":"","format":"standard","meta":{"footnotes":""},"categories":[36],"tags":[],"class_list":["post-13821","post","type-post","status-publish","format-standard","has-post-thumbnail","hentry","category-nacionales"],"_links":{"self":[{"href":"https:\/\/alminutonoticia.com\/noticias\/wp-json\/wp\/v2\/posts\/13821","targetHints":{"allow":["GET"]}}],"collection":[{"href":"https:\/\/alminutonoticia.com\/noticias\/wp-json\/wp\/v2\/posts"}],"about":[{"href":"https:\/\/alminutonoticia.com\/noticias\/wp-json\/wp\/v2\/types\/post"}],"author":[{"embeddable":true,"href":"https:\/\/alminutonoticia.com\/noticias\/wp-json\/wp\/v2\/users\/3"}],"replies":[{"embeddable":true,"href":"https:\/\/alminutonoticia.com\/noticias\/wp-json\/wp\/v2\/comments?post=13821"}],"version-history":[{"count":1,"href":"https:\/\/alminutonoticia.com\/noticias\/wp-json\/wp\/v2\/posts\/13821\/revisions"}],"predecessor-version":[{"id":13823,"href":"https:\/\/alminutonoticia.com\/noticias\/wp-json\/wp\/v2\/posts\/13821\/revisions\/13823"}],"wp:featuredmedia":[{"embeddable":true,"href":"https:\/\/alminutonoticia.com\/noticias\/wp-json\/wp\/v2\/media\/13822"}],"wp:attachment":[{"href":"https:\/\/alminutonoticia.com\/noticias\/wp-json\/wp\/v2\/media?parent=13821"}],"wp:term":[{"taxonomy":"category","embeddable":true,"href":"https:\/\/alminutonoticia.com\/noticias\/wp-json\/wp\/v2\/categories?post=13821"},{"taxonomy":"post_tag","embeddable":true,"href":"https:\/\/alminutonoticia.com\/noticias\/wp-json\/wp\/v2\/tags?post=13821"}],"curies":[{"name":"wp","href":"https:\/\/api.w.org\/{rel}","templated":true}]}}