{"id":13805,"date":"2025-02-13T04:56:34","date_gmt":"2025-02-13T04:56:34","guid":{"rendered":"https:\/\/alminutonoticia.com\/noticias\/?p=13805"},"modified":"2025-02-13T04:56:36","modified_gmt":"2025-02-13T04:56:36","slug":"sinaproc-se-prepara-para-el-operativo-del-carnaval-2025","status":"publish","type":"post","link":"https:\/\/alminutonoticia.com\/noticias\/sinaproc-se-prepara-para-el-operativo-del-carnaval-2025\/","title":{"rendered":"Sinaproc se prepara para el operativo del carnaval 2025"},"content":{"rendered":"\n<p>El Sistema Nacional de Protecci\u00f3n Civil (Sinaproc), inform\u00f3 que la segunda fase de \u00abGuardianes 2025\u00bb, inicia con el operativo de carnaval y la activaci\u00f3n del Centro de Operaciones de Emergencias (COE) el viernes 28 de febrero, en el \u00e1rea de Santa Mar\u00eda, provincia de Herrera.<\/p>\n\n\n\n<p>Desde el COE se establecer\u00e1n las comunicaciones y los enlaces correspondientes para garantizar una \u00f3ptima coordinaci\u00f3n de las operaciones del carnaval que culminar\u00e1n el mi\u00e9rcoles 5 de marzo de 2025.<\/p>\n\n\n\n<p>Este operativo de prevenci\u00f3n cubrir\u00e1 19 puntos de cobertura en todo el pa\u00eds, bajo la colaboraci\u00f3n de unas 300 unidades entre voluntarios, guardavidas, primeros auxilios, oficiales de emergencias y personal de respuesta del Sinaproc. Adicional participan entidades de apoyo como el Benem\u00e9rito Cuerpo de Bomberos, Servicio Nacional Aeronaval (Senan), Polic\u00eda Nacional, adem\u00e1s de la Cruz Roja Paname\u00f1a, Servicio Nacional de Fronteras (Senafront), Autoridad Mar\u00edtima de Panam\u00e1 (AMP), Caja de Seguro Social (CSS), Ministerio de Salud (MINSA), Mi Ambiente y los Gobiernos Locales, entre otras instituciones.<\/p>\n\n\n\n<p>El Sinaproc mantendr\u00e1 personal operativo en sus zonas de responsabilidad, sin embargo, se reitera que es importante respetar las medidas de prevenci\u00f3n y disposiciones dictadas por los guardavidas y los componentes de la Fuerza de Tarea Conjunta.<\/p>\n\n\n\n<p>Para esta temporada seca el \u201cOperativo de Prevenci\u00f3n Guardianes 2025\u201d, inici\u00f3 desde el 25 de diciembre de 2024 y se extender\u00e1 hasta el pr\u00f3ximo 20 de abril de 2025 en un horario de 8:00 a.m. hasta la 5:00 p.m.<\/p>\n\n\n\n<p><strong>Datos Relacionados<\/strong><\/p>\n\n\n\n<p>A la fecha se cuenta con 19 puntos de cobertura, entre playas y r\u00edos:<br><strong>Chiriqu\u00ed:<\/strong>&nbsp;Estero Rico, Las Lajas y La Barqueta. (3)<br><strong>Cocl\u00e9:<\/strong>&nbsp;Santa Clara y balneario Las Mendozas. (2)<br><strong>Herrera:<\/strong>&nbsp;R\u00edo La Villa, balneario Las Cabras. (1)<br><strong>Veraguas:<\/strong>&nbsp;Playa Torio, playa Arrimadero y Santa Catalina. (3)<br><strong>Col\u00f3n:<\/strong>&nbsp;La Angosta. (1)<br><strong>Los Santos:<\/strong>&nbsp;Playa El Uverito (1)<br><strong>Bocas del Toro:<\/strong>&nbsp;R\u00edo El Silencio. (1)<br><strong>Panam\u00e1 Este:<\/strong>&nbsp;R\u00edo Mamoni (El Puente) y R\u00edo Mamoni (Toma de agua). (2)<br><strong>Panam\u00e1 Oeste:<\/strong>&nbsp;Veracruz, La Ermita, La Ensenada, La Laguna y Boquilla. (5)<\/p>\n\n\n\n<p><strong>Significado del color de las banderas:<\/strong><\/p>\n\n\n\n<ul class=\"wp-block-list\">\n<li>Verde: Ba\u00f1o Libre<\/li>\n\n\n\n<li>Amarilla: Ba\u00f1o con precauci\u00f3n.<\/li>\n\n\n\n<li>Rojo: Prohibido el ba\u00f1o.<\/li>\n\n\n\n<li>Naranja: Limite de responsabilidad.<\/li>\n<\/ul>\n\n\n\n<p><strong>Horarios:<\/strong>&nbsp;8:00 a.m. hasta la 5:00 p.m.<\/p>\n\n\n\n<p><strong>Recomendaciones<\/strong><\/p>\n\n\n\n<ul class=\"wp-block-list\">\n<li>Evite dejar a sus hijos solos en los espacios de recreaci\u00f3n acu\u00e1tica (piscina, r\u00edos y playas).<\/li>\n\n\n\n<li>Utilice bloqueador solar.<\/li>\n\n\n\n<li>Mant\u00e9ngase hidratado, tome agua.<\/li>\n\n\n\n<li>Prot\u00e9jase del sol, utilice sombrero de ala ancha y anteojos del sol con protecci\u00f3n UV.<\/li>\n\n\n\n<li>No arrojar, basura ni desperdicios en r\u00edos y playas.<\/li>\n\n\n\n<li>No se tire de cabeza, sino conoces el \u00e1rea. Verifica el nivel de profundidad.<\/li>\n\n\n\n<li>Despu\u00e9s de comer, debes esperar una hora, para posteriormente entrar al agua.<\/li>\n<\/ul>\n\n\n\n<p>Para reportes llamar a las l\u00edneas de emergencias a los tel\u00e9fonos 520-4426 \/ 911.<\/p>\n\n\n\n<figure class=\"wp-block-image size-full\"><a href=\"https:\/\/alminutonoticia.com\/noticias\/wp-content\/uploads\/2025\/02\/sinaproc-770x470-1.jpeg\"><img fetchpriority=\"high\" decoding=\"async\" width=\"770\" height=\"470\" src=\"https:\/\/alminutonoticia.com\/noticias\/wp-content\/uploads\/2025\/02\/sinaproc-770x470-1.jpeg\" alt=\"\" class=\"wp-image-13807\" title=\"\" srcset=\"https:\/\/alminutonoticia.com\/noticias\/wp-content\/uploads\/2025\/02\/sinaproc-770x470-1.jpeg 770w, https:\/\/alminutonoticia.com\/noticias\/wp-content\/uploads\/2025\/02\/sinaproc-770x470-1-300x183.jpeg 300w, https:\/\/alminutonoticia.com\/noticias\/wp-content\/uploads\/2025\/02\/sinaproc-770x470-1-768x469.jpeg 768w\" sizes=\"(max-width: 770px) 100vw, 770px\" \/><\/a><\/figure>\n","protected":false},"excerpt":{"rendered":"<p>El Sistema Nacional de Protecci\u00f3n Civil (Sinaproc), inform\u00f3 que la segunda fase de \u00abGuardianes 2025\u00bb, inicia con el operativo de carnaval y la activaci\u00f3n del Centro de Operaciones de Emergencias (COE) el viernes 28 de febrero, en el \u00e1rea de Santa Mar\u00eda, provincia de Herrera. Desde el COE se establecer\u00e1n las comunicaciones y los enlaces [&hellip;]<\/p>\n","protected":false},"author":3,"featured_media":13807,"comment_status":"open","ping_status":"open","sticky":false,"template":"","format":"standard","meta":{"footnotes":""},"categories":[36],"tags":[],"class_list":["post-13805","post","type-post","status-publish","format-standard","has-post-thumbnail","hentry","category-nacionales"],"_links":{"self":[{"href":"https:\/\/alminutonoticia.com\/noticias\/wp-json\/wp\/v2\/posts\/13805","targetHints":{"allow":["GET"]}}],"collection":[{"href":"https:\/\/alminutonoticia.com\/noticias\/wp-json\/wp\/v2\/posts"}],"about":[{"href":"https:\/\/alminutonoticia.com\/noticias\/wp-json\/wp\/v2\/types\/post"}],"author":[{"embeddable":true,"href":"https:\/\/alminutonoticia.com\/noticias\/wp-json\/wp\/v2\/users\/3"}],"replies":[{"embeddable":true,"href":"https:\/\/alminutonoticia.com\/noticias\/wp-json\/wp\/v2\/comments?post=13805"}],"version-history":[{"count":1,"href":"https:\/\/alminutonoticia.com\/noticias\/wp-json\/wp\/v2\/posts\/13805\/revisions"}],"predecessor-version":[{"id":13808,"href":"https:\/\/alminutonoticia.com\/noticias\/wp-json\/wp\/v2\/posts\/13805\/revisions\/13808"}],"wp:featuredmedia":[{"embeddable":true,"href":"https:\/\/alminutonoticia.com\/noticias\/wp-json\/wp\/v2\/media\/13807"}],"wp:attachment":[{"href":"https:\/\/alminutonoticia.com\/noticias\/wp-json\/wp\/v2\/media?parent=13805"}],"wp:term":[{"taxonomy":"category","embeddable":true,"href":"https:\/\/alminutonoticia.com\/noticias\/wp-json\/wp\/v2\/categories?post=13805"},{"taxonomy":"post_tag","embeddable":true,"href":"https:\/\/alminutonoticia.com\/noticias\/wp-json\/wp\/v2\/tags?post=13805"}],"curies":[{"name":"wp","href":"https:\/\/api.w.org\/{rel}","templated":true}]}}