{"id":13792,"date":"2025-02-12T15:33:51","date_gmt":"2025-02-12T15:33:51","guid":{"rendered":"https:\/\/alminutonoticia.com\/noticias\/?p=13792"},"modified":"2025-02-12T15:33:53","modified_gmt":"2025-02-12T15:33:53","slug":"a-tercer-debate-proyecto-que-legaliza-uso-de-camaras-corporales-en-la-policia-nacional","status":"publish","type":"post","link":"https:\/\/alminutonoticia.com\/noticias\/a-tercer-debate-proyecto-que-legaliza-uso-de-camaras-corporales-en-la-policia-nacional\/","title":{"rendered":"A tercer debate proyecto que legaliza uso de c\u00e1maras corporales en la Polic\u00eda Nacional"},"content":{"rendered":"\n<p>Legalizan en la pr\u00e1ctica el uso de c\u00e1maras corporales por parte de la&nbsp;<strong>Polic\u00eda Nacional,<\/strong>&nbsp;ya que desde el&nbsp;<strong>a\u00f1o 2020<\/strong>&nbsp;existe este equipo de herramientas tecnol\u00f3gicas para documentar las acciones operativas de sus unidades, este fin es validado en la aprobaci\u00f3n del&nbsp;<strong>Proyecto 90.<\/strong><\/p>\n\n\n\n<p>En el pleno legislativo, el proyecto de&nbsp;<strong>Ley 90,<\/strong>&nbsp;que incorpora el r\u00e9gimen de uso obligatorio de c\u00e1maras corporales para la&nbsp;<strong>Polic\u00eda Nacional<\/strong>, avanz\u00f3 con el an\u00e1lisis y propuestas de los diputados, en segundo debate, luego de una votaci\u00f3n art\u00edculo por art\u00edculo.<\/p>\n\n\n\n<p><strong>La nueva modalidad distingue el rango de acci\u00f3n<\/strong><\/p>\n\n\n\n<p>Se establece que el uso de las c\u00e1maras ser\u00e1 en situaciones donde sea necesario mantener y restablecer el orden p\u00fablico, intervenci\u00f3n en emergencias, operaciones de seguridad y vigilancia.<\/p>\n\n\n\n<p>Al igual, en control de tr\u00e1fico y aplicaci\u00f3n de la&nbsp;<strong>Ley de Tr\u00e1nsito,<\/strong>&nbsp;cumplimiento de \u00f3rdenes judiciales, mediaci\u00f3n y resoluci\u00f3n de conflictos y en todos los usos de fuerza por parte de los oficiales.<\/p>\n\n\n\n<p>Tambi\u00e9n especifica que este material&nbsp;<strong>video gr\u00e1fico<\/strong>&nbsp;deber\u00e1 ser almacenado, sin la posibilidad de ser editado o eliminado.<\/p>\n\n\n\n<p>Los oficiales tambi\u00e9n se ver\u00e1n obligados a informarles a los ciudadanos que est\u00e1n siendo captados en c\u00e1mara como procedimiento de la intervenci\u00f3n policial; sin embargo,<strong>&nbsp;no necesitan el permiso&nbsp;<\/strong>del individuo para iniciar la&nbsp;<strong>grabaci\u00f3n.<\/strong><\/p>\n\n\n\n<p>Los videos podr\u00e1n ser revisados, posteriormente, para la realizaci\u00f3n de informes e incluso en la preparaci\u00f3n de procedimientos judiciales.<\/p>\n\n\n\n<p>Las tomas realizadas, desde las c\u00e1maras corporales de incidentes cr\u00edticos, deber\u00e1n ser publicadas por la&nbsp;<strong>Polic\u00eda Nacional<\/strong>&nbsp;dentro del calendario de 30 d\u00edas, posteriores al<strong>&nbsp;incidente grabado.<\/strong><\/p>\n\n\n\n<p>Las denominadas&nbsp;<strong>\u2018bodycams\u2019,&nbsp;<\/strong>se mantiene en uso en la&nbsp;<strong>Polic\u00eda Municipal&nbsp;<\/strong>del distrito de Panam\u00e1, con el fin de documentar los hechos registrados durante la intervenci\u00f3n de este cuerpo uniformado.<\/p>\n\n\n\n<p>El documento recibi\u00f3 primer debate en la&nbsp;<strong>Comisi\u00f3n de Gobierno, Justicia y Asuntos Constitucionales&nbsp;<\/strong>de la Asamblea Nacional.<\/p>\n\n\n\n<figure class=\"wp-block-image size-full\"><a href=\"https:\/\/alminutonoticia.com\/noticias\/wp-content\/uploads\/2025\/02\/poli.jpg\"><img fetchpriority=\"high\" decoding=\"async\" width=\"636\" height=\"358\" src=\"https:\/\/alminutonoticia.com\/noticias\/wp-content\/uploads\/2025\/02\/poli.jpg\" alt=\"\" class=\"wp-image-13793\" title=\"\" srcset=\"https:\/\/alminutonoticia.com\/noticias\/wp-content\/uploads\/2025\/02\/poli.jpg 636w, https:\/\/alminutonoticia.com\/noticias\/wp-content\/uploads\/2025\/02\/poli-300x169.jpg 300w\" sizes=\"(max-width: 636px) 100vw, 636px\" \/><\/a><\/figure>\n","protected":false},"excerpt":{"rendered":"<p>Legalizan en la pr\u00e1ctica el uso de c\u00e1maras corporales por parte de la&nbsp;Polic\u00eda Nacional,&nbsp;ya que desde el&nbsp;a\u00f1o 2020&nbsp;existe este equipo de herramientas tecnol\u00f3gicas para documentar las acciones operativas de sus unidades, este fin es validado en la aprobaci\u00f3n del&nbsp;Proyecto 90. En el pleno legislativo, el proyecto de&nbsp;Ley 90,&nbsp;que incorpora el r\u00e9gimen de uso obligatorio de [&hellip;]<\/p>\n","protected":false},"author":3,"featured_media":13793,"comment_status":"open","ping_status":"open","sticky":false,"template":"","format":"standard","meta":{"footnotes":""},"categories":[36],"tags":[],"class_list":["post-13792","post","type-post","status-publish","format-standard","has-post-thumbnail","hentry","category-nacionales"],"_links":{"self":[{"href":"https:\/\/alminutonoticia.com\/noticias\/wp-json\/wp\/v2\/posts\/13792","targetHints":{"allow":["GET"]}}],"collection":[{"href":"https:\/\/alminutonoticia.com\/noticias\/wp-json\/wp\/v2\/posts"}],"about":[{"href":"https:\/\/alminutonoticia.com\/noticias\/wp-json\/wp\/v2\/types\/post"}],"author":[{"embeddable":true,"href":"https:\/\/alminutonoticia.com\/noticias\/wp-json\/wp\/v2\/users\/3"}],"replies":[{"embeddable":true,"href":"https:\/\/alminutonoticia.com\/noticias\/wp-json\/wp\/v2\/comments?post=13792"}],"version-history":[{"count":1,"href":"https:\/\/alminutonoticia.com\/noticias\/wp-json\/wp\/v2\/posts\/13792\/revisions"}],"predecessor-version":[{"id":13794,"href":"https:\/\/alminutonoticia.com\/noticias\/wp-json\/wp\/v2\/posts\/13792\/revisions\/13794"}],"wp:featuredmedia":[{"embeddable":true,"href":"https:\/\/alminutonoticia.com\/noticias\/wp-json\/wp\/v2\/media\/13793"}],"wp:attachment":[{"href":"https:\/\/alminutonoticia.com\/noticias\/wp-json\/wp\/v2\/media?parent=13792"}],"wp:term":[{"taxonomy":"category","embeddable":true,"href":"https:\/\/alminutonoticia.com\/noticias\/wp-json\/wp\/v2\/categories?post=13792"},{"taxonomy":"post_tag","embeddable":true,"href":"https:\/\/alminutonoticia.com\/noticias\/wp-json\/wp\/v2\/tags?post=13792"}],"curies":[{"name":"wp","href":"https:\/\/api.w.org\/{rel}","templated":true}]}}