{"id":1378,"date":"2023-02-27T09:11:08","date_gmt":"2023-02-27T09:11:08","guid":{"rendered":"https:\/\/alminutonoticia.com\/noticias\/?p=1378"},"modified":"2023-02-27T09:11:09","modified_gmt":"2023-02-27T09:11:09","slug":"acodeco-intensificara-operativos-para-verificar-ofertas-de-utiles-escolares","status":"publish","type":"post","link":"https:\/\/alminutonoticia.com\/noticias\/acodeco-intensificara-operativos-para-verificar-ofertas-de-utiles-escolares\/","title":{"rendered":"Acodeco intensificar\u00e1 operativos para verificar ofertas de \u00fatiles escolares"},"content":{"rendered":"\n<p>Previo al inicio del a\u00f1o escolar el pr\u00f3ximo 6 de marzo de 2023 y en b\u00fasqueda que los recursos monetarios que poseen los padres de familia pueden ser suficientes para la compra de los \u00fatiles y uniformes escolares de sus hijos, la Autoridad de Protecci\u00f3n al Consumidor y Defensa de la Competencia (Acodeco) inicia a partir de este lunes de 27 de febrero al 3 marzo de 2023, una jornada de verificaci\u00f3n en diferentes centros comerciales del pa\u00eds, para comprobar la veracidad de las ofertas publicadas por el inicio del per\u00edodo escolar, precios y listado de art\u00edculos exonerados del 7% a la vista del p\u00fablico.<\/p>\n\n\n\n<p>Todo est\u00e1 listo para el operativo denominado \u201cDe vuelta a clases\u2019\u201d el cual tiene como principal objetivo, asegurar que las normas de veracidad de la publicidad establecidas en la Ley 45 de 31 de octubre de 2007, se cumplan por parte de los agentes econ\u00f3micos.<\/p>\n\n\n\n<p>\u201cEs importante que la ciudadan\u00eda este clara que la informaci\u00f3n de la venta especial de los art\u00edculos escolares, llamase Libros, cuadernos, camisas, faldas, pantalones, zapatillas y zapatos de uniforme entre otros deben contar con la fecha de inicio y finalizaci\u00f3n o las unidades m\u00ednimas a ofertar; ambas a opci\u00f3n del agente econ\u00f3mico\u201d.&nbsp;<\/p>\n\n\n\n<p>Aclara el administrador de ACODECO que cuando se usa el porcentaje solo debe mostrarse el precio regular y el descuento es aplicado a dicho precio. Si la mercanc\u00eda cuenta con el doble precio y existe un anuncio que indique, por ejemplo, 20% de descuento adicional, es permitido y se entiende que el porcentaje aplica sobre el precio m\u00e1s bajo. A los agentes econ\u00f3micos se les permite anunciar que la mercanc\u00eda rebajada o en descuento no se cambia, pero se le advierte que, si hay un reclamo de garant\u00eda, debido a que un producto est\u00e1 defectuoso, el reclamo procede y si tiene que reemplazar.\u00a0 \u00a0<\/p>\n\n\n\n<p>ACODECO como entidad que cuida el bolsillo del consumidor, a trav\u00e9s de sus redes sociales realiza una campa\u00f1a de informaci\u00f3n sobre este retorno clases y recomienda a los consumidores, guardar siempre las facturas en caso de posibles reclamos, ya que son la evidencia de la transacci\u00f3n comercial. Adem\u00e1s, existe un listado con los \u00fatiles escolares exentos del ITBMS (7%) y el mismo debe estar visible en todos los locales comerciales que comercialicen estos art\u00edculos. Esta exoneraci\u00f3n es efectiva durante todo el a\u00f1o escolar.<\/p>\n\n\n\n<p>Finalmente, Jorge Quintero como autoridad superior de ACODECO reitera a toda la ciudadan\u00eda en general que cualquier irregularidad por parte de un agente econ\u00f3mico que visualice debe denunciarla a trav\u00e9s del Sistema de Informaci\u00f3n y Denuncia Institucional (Sindi) que funciona las 24 horas los 7 d\u00edas de la semana, mediante el WhatsApp y Telegram al 6330-3333, las cuentas de las redes sociales AcodecoPma en Facebook, Twitter y la p\u00e1gina web de esta instituci\u00f3n.<\/p>\n\n\n\n<figure class=\"wp-block-image size-full\"><a href=\"https:\/\/alminutonoticia.com\/noticias\/wp-content\/uploads\/2023\/02\/WhatsApp-Image-2023-02-26-at-1.41.30-PM.jpeg\"><img fetchpriority=\"high\" decoding=\"async\" width=\"1024\" height=\"768\" src=\"https:\/\/alminutonoticia.com\/noticias\/wp-content\/uploads\/2023\/02\/WhatsApp-Image-2023-02-26-at-1.41.30-PM.jpeg\" alt=\"\" class=\"wp-image-1379\" title=\"\" srcset=\"https:\/\/alminutonoticia.com\/noticias\/wp-content\/uploads\/2023\/02\/WhatsApp-Image-2023-02-26-at-1.41.30-PM.jpeg 1024w, https:\/\/alminutonoticia.com\/noticias\/wp-content\/uploads\/2023\/02\/WhatsApp-Image-2023-02-26-at-1.41.30-PM-300x225.jpeg 300w, https:\/\/alminutonoticia.com\/noticias\/wp-content\/uploads\/2023\/02\/WhatsApp-Image-2023-02-26-at-1.41.30-PM-768x576.jpeg 768w\" sizes=\"(max-width: 1024px) 100vw, 1024px\" \/><\/a><\/figure>\n\n\n\n<figure class=\"wp-block-image size-full\"><a href=\"https:\/\/alminutonoticia.com\/noticias\/wp-content\/uploads\/2023\/02\/WhatsApp-Image-2023-02-26-at-1.40.55-PM.jpeg\"><img decoding=\"async\" width=\"766\" height=\"574\" src=\"https:\/\/alminutonoticia.com\/noticias\/wp-content\/uploads\/2023\/02\/WhatsApp-Image-2023-02-26-at-1.40.55-PM.jpeg\" alt=\"\" class=\"wp-image-1380\" title=\"\" srcset=\"https:\/\/alminutonoticia.com\/noticias\/wp-content\/uploads\/2023\/02\/WhatsApp-Image-2023-02-26-at-1.40.55-PM.jpeg 766w, https:\/\/alminutonoticia.com\/noticias\/wp-content\/uploads\/2023\/02\/WhatsApp-Image-2023-02-26-at-1.40.55-PM-300x225.jpeg 300w\" sizes=\"(max-width: 766px) 100vw, 766px\" \/><\/a><\/figure>\n\n\n\n<figure class=\"wp-block-image size-full\"><a href=\"https:\/\/alminutonoticia.com\/noticias\/wp-content\/uploads\/2023\/02\/WhatsApp-Image-2023-02-26-at-1.41.43-PM.jpeg\"><img decoding=\"async\" width=\"1024\" height=\"769\" src=\"https:\/\/alminutonoticia.com\/noticias\/wp-content\/uploads\/2023\/02\/WhatsApp-Image-2023-02-26-at-1.41.43-PM.jpeg\" alt=\"\" class=\"wp-image-1381\" title=\"\" srcset=\"https:\/\/alminutonoticia.com\/noticias\/wp-content\/uploads\/2023\/02\/WhatsApp-Image-2023-02-26-at-1.41.43-PM.jpeg 1024w, https:\/\/alminutonoticia.com\/noticias\/wp-content\/uploads\/2023\/02\/WhatsApp-Image-2023-02-26-at-1.41.43-PM-300x225.jpeg 300w, https:\/\/alminutonoticia.com\/noticias\/wp-content\/uploads\/2023\/02\/WhatsApp-Image-2023-02-26-at-1.41.43-PM-768x577.jpeg 768w\" sizes=\"(max-width: 1024px) 100vw, 1024px\" \/><\/a><\/figure>\n","protected":false},"excerpt":{"rendered":"<p>Previo al inicio del a\u00f1o escolar el pr\u00f3ximo 6 de marzo de 2023 y en b\u00fasqueda que los recursos monetarios que poseen los padres de familia pueden ser suficientes para la compra de los \u00fatiles y uniformes escolares de sus hijos, la Autoridad de Protecci\u00f3n al Consumidor y Defensa de la Competencia (Acodeco) inicia a [&hellip;]<\/p>\n","protected":false},"author":3,"featured_media":1381,"comment_status":"open","ping_status":"open","sticky":false,"template":"","format":"standard","meta":{"footnotes":""},"categories":[38,36],"tags":[],"class_list":["post-1378","post","type-post","status-publish","format-standard","has-post-thumbnail","hentry","category-economia","category-nacionales"],"_links":{"self":[{"href":"https:\/\/alminutonoticia.com\/noticias\/wp-json\/wp\/v2\/posts\/1378","targetHints":{"allow":["GET"]}}],"collection":[{"href":"https:\/\/alminutonoticia.com\/noticias\/wp-json\/wp\/v2\/posts"}],"about":[{"href":"https:\/\/alminutonoticia.com\/noticias\/wp-json\/wp\/v2\/types\/post"}],"author":[{"embeddable":true,"href":"https:\/\/alminutonoticia.com\/noticias\/wp-json\/wp\/v2\/users\/3"}],"replies":[{"embeddable":true,"href":"https:\/\/alminutonoticia.com\/noticias\/wp-json\/wp\/v2\/comments?post=1378"}],"version-history":[{"count":1,"href":"https:\/\/alminutonoticia.com\/noticias\/wp-json\/wp\/v2\/posts\/1378\/revisions"}],"predecessor-version":[{"id":1382,"href":"https:\/\/alminutonoticia.com\/noticias\/wp-json\/wp\/v2\/posts\/1378\/revisions\/1382"}],"wp:featuredmedia":[{"embeddable":true,"href":"https:\/\/alminutonoticia.com\/noticias\/wp-json\/wp\/v2\/media\/1381"}],"wp:attachment":[{"href":"https:\/\/alminutonoticia.com\/noticias\/wp-json\/wp\/v2\/media?parent=1378"}],"wp:term":[{"taxonomy":"category","embeddable":true,"href":"https:\/\/alminutonoticia.com\/noticias\/wp-json\/wp\/v2\/categories?post=1378"},{"taxonomy":"post_tag","embeddable":true,"href":"https:\/\/alminutonoticia.com\/noticias\/wp-json\/wp\/v2\/tags?post=1378"}],"curies":[{"name":"wp","href":"https:\/\/api.w.org\/{rel}","templated":true}]}}