{"id":13779,"date":"2025-02-12T15:22:31","date_gmt":"2025-02-12T15:22:31","guid":{"rendered":"https:\/\/alminutonoticia.com\/noticias\/?p=13779"},"modified":"2025-02-12T15:22:32","modified_gmt":"2025-02-12T15:22:32","slug":"cae-otro-funcionario-por-el-hurto-de-armas-del-senan-en-vacamonte","status":"publish","type":"post","link":"https:\/\/alminutonoticia.com\/noticias\/cae-otro-funcionario-por-el-hurto-de-armas-del-senan-en-vacamonte\/","title":{"rendered":"Cae otro funcionario por el hurto de armas del Senan en Vacamonte"},"content":{"rendered":"\n<p>Un funcionario del Ministerio de Salud (Minsa) fue aprehendido este lunes 10 de febrero por su vinculaci\u00f3n a un hurto de armas en el puesto de control del Servicio Nacional Aeronaval (Senan) en Vacamonte el pasado 6 de febrero.<\/p>\n\n\n\n<p>La Procuradur\u00eda General de la Naci\u00f3n inform\u00f3 que en las pr\u00f3ximas horas, la Secci\u00f3n de Atenci\u00f3n Primaria de Arraij\u00e1n lo llevar\u00e1 ante Juzgado de Garant\u00edas.<\/p>\n\n\n\n<p>Ayer, mediante diligencias investigativas, la Fiscal\u00eda Regional de Panam\u00e1 Oeste, con el apoyo de la Polic\u00eda Nacional, aprehendi\u00f3 a otros dos ciudadanos por el mismo caso, uno era funcionario del Senan.<\/p>\n\n\n\n<p>La investigaci\u00f3n inici\u00f3 el pasado 6 de febrero, por denuncia presentada por el Senan, que puso en conocimiento al Ministerio P\u00fablico del hurto de varias armas.<\/p>\n\n\n\n<p>Ambos fueron detenidos provisionalmente por el delito de asociaci\u00f3n il\u00edcita y por hurto agravado de armas de la instituci\u00f3n p\u00fablica.<\/p>\n\n\n\n<figure class=\"wp-block-image size-full\"><a href=\"https:\/\/alminutonoticia.com\/noticias\/wp-content\/uploads\/2025\/02\/armas-770x462-1.jpeg\"><img fetchpriority=\"high\" decoding=\"async\" width=\"770\" height=\"462\" src=\"https:\/\/alminutonoticia.com\/noticias\/wp-content\/uploads\/2025\/02\/armas-770x462-1.jpeg\" alt=\"\" class=\"wp-image-13780\" title=\"\" srcset=\"https:\/\/alminutonoticia.com\/noticias\/wp-content\/uploads\/2025\/02\/armas-770x462-1.jpeg 770w, https:\/\/alminutonoticia.com\/noticias\/wp-content\/uploads\/2025\/02\/armas-770x462-1-300x180.jpeg 300w, https:\/\/alminutonoticia.com\/noticias\/wp-content\/uploads\/2025\/02\/armas-770x462-1-768x461.jpeg 768w\" sizes=\"(max-width: 770px) 100vw, 770px\" \/><\/a><\/figure>\n\n\n\n<p><a href=\"https:\/\/informatpanama.com\/author\/redaccionit\/\" target=\"_blank\" rel=\"noopener\"><\/a><\/p>\n","protected":false},"excerpt":{"rendered":"<p>Un funcionario del Ministerio de Salud (Minsa) fue aprehendido este lunes 10 de febrero por su vinculaci\u00f3n a un hurto de armas en el puesto de control del Servicio Nacional Aeronaval (Senan) en Vacamonte el pasado 6 de febrero. La Procuradur\u00eda General de la Naci\u00f3n inform\u00f3 que en las pr\u00f3ximas horas, la Secci\u00f3n de Atenci\u00f3n [&hellip;]<\/p>\n","protected":false},"author":3,"featured_media":13780,"comment_status":"open","ping_status":"open","sticky":false,"template":"","format":"standard","meta":{"footnotes":""},"categories":[36],"tags":[],"class_list":["post-13779","post","type-post","status-publish","format-standard","has-post-thumbnail","hentry","category-nacionales"],"_links":{"self":[{"href":"https:\/\/alminutonoticia.com\/noticias\/wp-json\/wp\/v2\/posts\/13779","targetHints":{"allow":["GET"]}}],"collection":[{"href":"https:\/\/alminutonoticia.com\/noticias\/wp-json\/wp\/v2\/posts"}],"about":[{"href":"https:\/\/alminutonoticia.com\/noticias\/wp-json\/wp\/v2\/types\/post"}],"author":[{"embeddable":true,"href":"https:\/\/alminutonoticia.com\/noticias\/wp-json\/wp\/v2\/users\/3"}],"replies":[{"embeddable":true,"href":"https:\/\/alminutonoticia.com\/noticias\/wp-json\/wp\/v2\/comments?post=13779"}],"version-history":[{"count":1,"href":"https:\/\/alminutonoticia.com\/noticias\/wp-json\/wp\/v2\/posts\/13779\/revisions"}],"predecessor-version":[{"id":13781,"href":"https:\/\/alminutonoticia.com\/noticias\/wp-json\/wp\/v2\/posts\/13779\/revisions\/13781"}],"wp:featuredmedia":[{"embeddable":true,"href":"https:\/\/alminutonoticia.com\/noticias\/wp-json\/wp\/v2\/media\/13780"}],"wp:attachment":[{"href":"https:\/\/alminutonoticia.com\/noticias\/wp-json\/wp\/v2\/media?parent=13779"}],"wp:term":[{"taxonomy":"category","embeddable":true,"href":"https:\/\/alminutonoticia.com\/noticias\/wp-json\/wp\/v2\/categories?post=13779"},{"taxonomy":"post_tag","embeddable":true,"href":"https:\/\/alminutonoticia.com\/noticias\/wp-json\/wp\/v2\/tags?post=13779"}],"curies":[{"name":"wp","href":"https:\/\/api.w.org\/{rel}","templated":true}]}}