{"id":13776,"date":"2025-02-12T15:20:52","date_gmt":"2025-02-12T15:20:52","guid":{"rendered":"https:\/\/alminutonoticia.com\/noticias\/?p=13776"},"modified":"2025-02-12T15:20:54","modified_gmt":"2025-02-12T15:20:54","slug":"red-de-defensorias-universitarias-condena-violacion-de-la-autonomia-universitaria-en-panama","status":"publish","type":"post","link":"https:\/\/alminutonoticia.com\/noticias\/red-de-defensorias-universitarias-condena-violacion-de-la-autonomia-universitaria-en-panama\/","title":{"rendered":"Red de Defensor\u00edas Universitarias condena violaci\u00f3n de la autonom\u00eda universitaria en Panam\u00e1"},"content":{"rendered":"\n<p>La Red Iberoamericana de Defensor\u00edas Universitarias (RIdDU) censur\u00f3 en\u00e9rgicamente el uso de la fuerza policial y la violaci\u00f3n de la autonom\u00eda de la&nbsp;<strong>Universidad de Panam\u00e1,<\/strong>&nbsp;al tiempo que exigi\u00f3 respeto a la protesta pac\u00edfica de los universitarios, as\u00ed como la persecuci\u00f3n de los dirigentes estudiantiles que protagonizaron protestas el pasado 31 de enero.<\/p>\n\n\n\n<p>En un comunicado, sus representantes pidieron un alto al asedio de la&nbsp;<strong>Polic\u00eda Nacional de Panam\u00e1<\/strong>&nbsp;contra la comunidad universitaria e hizo llegar a la&nbsp;<strong>Defensor\u00eda de los Universitarios&nbsp;<\/strong>de la Universidad de Panam\u00e1 sus muestras de apoyo y solidaridad ante las reprochables acciones de la fuerza p\u00fablica paname\u00f1a.<\/p>\n\n\n\n<p>La Red Iberoamericana de Defensor\u00edas Universitarias es una iniciativa interinstitucional iberoamericana busca promover la generaci\u00f3n de un foro de intercambio de opiniones y experiencias entre instituciones que, aun compartiendo similitudes, son muy heterog\u00e9neas, velando por los derechos de los miembros de la comunidad universitaria, como los estudiantes, docentes y personal administrativo.<\/p>\n\n\n\n<p>Por su parte, el profesor&nbsp;<strong>Gilberto Marulanda<\/strong>, defensor de los Derechos de los Universitarios de la primera casa de estudios superiores, reiter\u00f3 que la presencia de unidades de la<strong>&nbsp;Polic\u00eda Nacional<\/strong>&nbsp;el pasado jueves 6 de febrero, en una actividad encubierta con traje civil dentro del Campus Harmodio Arias Madrid de la Universidad de Panam\u00e1, realizando tareas de persecuci\u00f3n, represi\u00f3n e intimidaci\u00f3n a estudiantes universitarios, constituye un atentado nefasto contra la&nbsp;<strong>autonom\u00eda universitaria<\/strong>&nbsp;y configura un escenario de autoritarismo estatal peligroso, en momentos en que el pa\u00eds necesita unidad para afrontar las amenazas contra su soberan\u00eda e independencia nacional.<\/p>\n\n\n\n<p>\u201cDesde la&nbsp;<strong>Defensor\u00eda de los Universitarios&nbsp;<\/strong>repudiamos las reiteradas acciones represoras de la&nbsp;<strong>Polic\u00eda Nacional<\/strong>&nbsp;y hacemos un llamado a la comunidad. universitaria y nacional, a rechazar con firmeza estas pr\u00e1cticas cuasi dictatoriales contra las libertades y la autonom\u00eda universitaria consagrada en la Constituci\u00f3n de la Rep\u00fablica de Panam\u00e1\u201d, sentenci\u00f3 Marulanda.<\/p>\n\n\n\n<p>En tanto, la&nbsp;<strong>Defensor\u00eda del Pueblo<\/strong>, ante el video captado durante la protesta del pasado 31 de enero en las inmediaciones de la&nbsp;<strong>Universidad de Panam\u00e1<\/strong>, anunci\u00f3 el inicio de investigaciones por la defensa de los derechos humanos entre esos, de la protesta social.<\/p>\n\n\n\n<p>Al respecto, el defensor del Pueblo,&nbsp;<strong>Eduardo Leblanc<\/strong>, record\u00f3 que los miembros de la&nbsp;<strong>Polic\u00eda Nacional,&nbsp;<\/strong>que en todo momento deben conducirse de forma profesional, de acuerdo a los protocolos establecidos, en momentos en que puede estar en peligro la integridad de las personas.<\/p>\n\n\n\n<p>Las instancias de&nbsp;<strong>defensa<\/strong>&nbsp;de los universitarios reiteran un respetuoso llamado a los operadores de justicia de nuestro pa\u00eds para que act\u00faen con imparcialidad y en&nbsp;<strong>derecho<\/strong>, frente a estos actos que, de no ser judicializados de manera correcta, ser\u00e1n precedentes para que regresemos a \u00e9pocas en donde reinaba el autoritarismo.<\/p>\n\n\n","protected":false},"excerpt":{"rendered":"<p>La Red Iberoamericana de Defensor\u00edas Universitarias (RIdDU) censur\u00f3 en\u00e9rgicamente el uso de la fuerza policial y la violaci\u00f3n de la autonom\u00eda de la&nbsp;Universidad de Panam\u00e1,&nbsp;al tiempo que exigi\u00f3 respeto a la protesta pac\u00edfica de los universitarios, as\u00ed como la persecuci\u00f3n de los dirigentes estudiantiles que protagonizaron protestas el pasado 31 de enero. En un comunicado, [&hellip;]<\/p>\n","protected":false},"author":3,"featured_media":13777,"comment_status":"open","ping_status":"open","sticky":false,"template":"","format":"standard","meta":{"footnotes":""},"categories":[36],"tags":[],"class_list":["post-13776","post","type-post","status-publish","format-standard","has-post-thumbnail","hentry","category-nacionales"],"_links":{"self":[{"href":"https:\/\/alminutonoticia.com\/noticias\/wp-json\/wp\/v2\/posts\/13776","targetHints":{"allow":["GET"]}}],"collection":[{"href":"https:\/\/alminutonoticia.com\/noticias\/wp-json\/wp\/v2\/posts"}],"about":[{"href":"https:\/\/alminutonoticia.com\/noticias\/wp-json\/wp\/v2\/types\/post"}],"author":[{"embeddable":true,"href":"https:\/\/alminutonoticia.com\/noticias\/wp-json\/wp\/v2\/users\/3"}],"replies":[{"embeddable":true,"href":"https:\/\/alminutonoticia.com\/noticias\/wp-json\/wp\/v2\/comments?post=13776"}],"version-history":[{"count":1,"href":"https:\/\/alminutonoticia.com\/noticias\/wp-json\/wp\/v2\/posts\/13776\/revisions"}],"predecessor-version":[{"id":13778,"href":"https:\/\/alminutonoticia.com\/noticias\/wp-json\/wp\/v2\/posts\/13776\/revisions\/13778"}],"wp:featuredmedia":[{"embeddable":true,"href":"https:\/\/alminutonoticia.com\/noticias\/wp-json\/wp\/v2\/media\/13777"}],"wp:attachment":[{"href":"https:\/\/alminutonoticia.com\/noticias\/wp-json\/wp\/v2\/media?parent=13776"}],"wp:term":[{"taxonomy":"category","embeddable":true,"href":"https:\/\/alminutonoticia.com\/noticias\/wp-json\/wp\/v2\/categories?post=13776"},{"taxonomy":"post_tag","embeddable":true,"href":"https:\/\/alminutonoticia.com\/noticias\/wp-json\/wp\/v2\/tags?post=13776"}],"curies":[{"name":"wp","href":"https:\/\/api.w.org\/{rel}","templated":true}]}}