{"id":13773,"date":"2025-02-12T15:17:17","date_gmt":"2025-02-12T15:17:17","guid":{"rendered":"https:\/\/alminutonoticia.com\/noticias\/?p=13773"},"modified":"2025-02-12T15:17:18","modified_gmt":"2025-02-12T15:17:18","slug":"evaluan-expansion-a-seis-carriles-de-la-carretera-entre-la-chorrera-y-sajalices","status":"publish","type":"post","link":"https:\/\/alminutonoticia.com\/noticias\/evaluan-expansion-a-seis-carriles-de-la-carretera-entre-la-chorrera-y-sajalices\/","title":{"rendered":"Eval\u00faan expansi\u00f3n a seis carriles de la carretera entre La Chorrera y Sajalices"},"content":{"rendered":"\n<p>El ministro de Obras P\u00fablicas, Jos\u00e9 Luis Andrade, anunci\u00f3 en Televisora Nacional (TVN) que se est\u00e1 evaluando un proyecto para ampliar la V\u00eda Interamericana entre La Chorrera y Sajalices a seis carriles. La iniciativa busca darle continuidad al Corredor de las Playas y se le presentar\u00e1 al presidente de la Rep\u00fablica, Jos\u00e9 Ra\u00fal Mulino.<\/p>\n\n\n\n<p>\u00abEsta nueva propuesta permitir\u00eda ensanchar la carretera desde La Chorrera hasta la subida de Campana. Adem\u00e1s, contempla la construcci\u00f3n de un viaducto conocido como la Variante de Campana, que tendr\u00eda un intercambiador en Sajalices para reducir el tr\u00e1fico pesado en ese tramo\u201d, explic\u00f3 Andrade.<\/p>\n\n\n\n<p>El ministro detall\u00f3 que la obra, actualmente en proceso de an\u00e1lisis, podr\u00eda costar entre 200 y 250 millones de d\u00f3lares. \u201cSi todo marcha seg\u00fan lo planeado y se aprueba el proyecto, estar\u00edamos entreg\u00e1ndolo antes de que culmine este quinquenio\u201d, indic\u00f3.<\/p>\n\n\n\n<p>El plan tambi\u00e9n forma parte de las acciones del MOP para mejorar la infraestructura vial de Panam\u00e1 Oeste.<\/p>\n\n\n\n<figure class=\"wp-block-image size-full\"><a href=\"https:\/\/alminutonoticia.com\/noticias\/wp-content\/uploads\/2025\/02\/coredor-de-las-plays.jpg\"><img fetchpriority=\"high\" decoding=\"async\" width=\"770\" height=\"470\" src=\"https:\/\/alminutonoticia.com\/noticias\/wp-content\/uploads\/2025\/02\/coredor-de-las-plays.jpg\" alt=\"\" class=\"wp-image-13774\" title=\"\" srcset=\"https:\/\/alminutonoticia.com\/noticias\/wp-content\/uploads\/2025\/02\/coredor-de-las-plays.jpg 770w, https:\/\/alminutonoticia.com\/noticias\/wp-content\/uploads\/2025\/02\/coredor-de-las-plays-300x183.jpg 300w, https:\/\/alminutonoticia.com\/noticias\/wp-content\/uploads\/2025\/02\/coredor-de-las-plays-768x469.jpg 768w\" sizes=\"(max-width: 770px) 100vw, 770px\" \/><\/a><\/figure>\n\n\n\n<p><a href=\"https:\/\/informatpanama.com\/author\/redaccionit\/\" target=\"_blank\" rel=\"noopener\"><\/a><\/p>\n","protected":false},"excerpt":{"rendered":"<p>El ministro de Obras P\u00fablicas, Jos\u00e9 Luis Andrade, anunci\u00f3 en Televisora Nacional (TVN) que se est\u00e1 evaluando un proyecto para ampliar la V\u00eda Interamericana entre La Chorrera y Sajalices a seis carriles. La iniciativa busca darle continuidad al Corredor de las Playas y se le presentar\u00e1 al presidente de la Rep\u00fablica, Jos\u00e9 Ra\u00fal Mulino. \u00abEsta [&hellip;]<\/p>\n","protected":false},"author":3,"featured_media":13774,"comment_status":"open","ping_status":"open","sticky":false,"template":"","format":"standard","meta":{"footnotes":""},"categories":[36],"tags":[],"class_list":["post-13773","post","type-post","status-publish","format-standard","has-post-thumbnail","hentry","category-nacionales"],"_links":{"self":[{"href":"https:\/\/alminutonoticia.com\/noticias\/wp-json\/wp\/v2\/posts\/13773","targetHints":{"allow":["GET"]}}],"collection":[{"href":"https:\/\/alminutonoticia.com\/noticias\/wp-json\/wp\/v2\/posts"}],"about":[{"href":"https:\/\/alminutonoticia.com\/noticias\/wp-json\/wp\/v2\/types\/post"}],"author":[{"embeddable":true,"href":"https:\/\/alminutonoticia.com\/noticias\/wp-json\/wp\/v2\/users\/3"}],"replies":[{"embeddable":true,"href":"https:\/\/alminutonoticia.com\/noticias\/wp-json\/wp\/v2\/comments?post=13773"}],"version-history":[{"count":1,"href":"https:\/\/alminutonoticia.com\/noticias\/wp-json\/wp\/v2\/posts\/13773\/revisions"}],"predecessor-version":[{"id":13775,"href":"https:\/\/alminutonoticia.com\/noticias\/wp-json\/wp\/v2\/posts\/13773\/revisions\/13775"}],"wp:featuredmedia":[{"embeddable":true,"href":"https:\/\/alminutonoticia.com\/noticias\/wp-json\/wp\/v2\/media\/13774"}],"wp:attachment":[{"href":"https:\/\/alminutonoticia.com\/noticias\/wp-json\/wp\/v2\/media?parent=13773"}],"wp:term":[{"taxonomy":"category","embeddable":true,"href":"https:\/\/alminutonoticia.com\/noticias\/wp-json\/wp\/v2\/categories?post=13773"},{"taxonomy":"post_tag","embeddable":true,"href":"https:\/\/alminutonoticia.com\/noticias\/wp-json\/wp\/v2\/tags?post=13773"}],"curies":[{"name":"wp","href":"https:\/\/api.w.org\/{rel}","templated":true}]}}