{"id":13761,"date":"2025-02-10T03:09:22","date_gmt":"2025-02-10T03:09:22","guid":{"rendered":"https:\/\/alminutonoticia.com\/noticias\/?p=13761"},"modified":"2025-02-10T03:09:24","modified_gmt":"2025-02-10T03:09:24","slug":"detienen-a-hombre-por-homicidio-y-tentativa-de-homicidio-en-la-carcel-de-colon","status":"publish","type":"post","link":"https:\/\/alminutonoticia.com\/noticias\/detienen-a-hombre-por-homicidio-y-tentativa-de-homicidio-en-la-carcel-de-colon\/","title":{"rendered":"Detienen a hombre por homicidio y tentativa de homicidio en la c\u00e1rcel de Col\u00f3n"},"content":{"rendered":"\n<p>A un hombre de 27 a\u00f1os de edad se le imput\u00f3 cargos por los delitos de homicidio doloso agravado y tentativa de homicidio, en audiencia de solicitudes m\u00faltiples; luego de las peticiones realizadas por la Secci\u00f3n de Homicidio y&nbsp;<strong>Femicidio de la Fiscal\u00eda Regional de Col\u00f3n y Guna Yala&nbsp;<\/strong>ante el Juzgado de Garant\u00edas, por un hecho ocurrido en la c\u00e1rcel de Col\u00f3n.<\/p>\n\n\n\n<p>En la audiencia, el Juzgador accedi\u00f3 a la petici\u00f3n de la Fiscal\u00eda de Col\u00f3n de ordenar la medida cautelar personal de detenci\u00f3n provisional, al valorar los riesgos de posible destrucci\u00f3n de pruebas y la naturaleza de los hechos.<\/p>\n\n\n\n<p>El suceso ocurri\u00f3 la tarde del 6 de febrero del 2025, en el Centro Penal Nueva Esperanza, en la provincia de Col\u00f3n, donde luego de las investigaciones se pudo vincular a este hombre, al homicidio con arma de fuego de un privado de libertad y el intento de homicidio de otra persona, que a\u00fan se mantiene en estado delicado en un centro m\u00e9dico.<\/p>\n\n\n\n<p>Cabe destacar, que el imputado vinculado a este suceso se encuentra investigado a hechos de delitos contra la vida e integridad personal, y pandillerismo, por lo que se encontraba ya detenido en el centro carcelario.<\/p>\n\n\n\n<figure class=\"wp-block-image size-full\"><a href=\"https:\/\/alminutonoticia.com\/noticias\/wp-content\/uploads\/2025\/02\/carceles-770x470-1.jpg\"><img fetchpriority=\"high\" decoding=\"async\" width=\"770\" height=\"470\" src=\"https:\/\/alminutonoticia.com\/noticias\/wp-content\/uploads\/2025\/02\/carceles-770x470-1.jpg\" alt=\"\" class=\"wp-image-13762\" title=\"\" srcset=\"https:\/\/alminutonoticia.com\/noticias\/wp-content\/uploads\/2025\/02\/carceles-770x470-1.jpg 770w, https:\/\/alminutonoticia.com\/noticias\/wp-content\/uploads\/2025\/02\/carceles-770x470-1-300x183.jpg 300w, https:\/\/alminutonoticia.com\/noticias\/wp-content\/uploads\/2025\/02\/carceles-770x470-1-768x469.jpg 768w\" sizes=\"(max-width: 770px) 100vw, 770px\" \/><\/a><\/figure>\n","protected":false},"excerpt":{"rendered":"<p>A un hombre de 27 a\u00f1os de edad se le imput\u00f3 cargos por los delitos de homicidio doloso agravado y tentativa de homicidio, en audiencia de solicitudes m\u00faltiples; luego de las peticiones realizadas por la Secci\u00f3n de Homicidio y&nbsp;Femicidio de la Fiscal\u00eda Regional de Col\u00f3n y Guna Yala&nbsp;ante el Juzgado de Garant\u00edas, por un hecho [&hellip;]<\/p>\n","protected":false},"author":3,"featured_media":13762,"comment_status":"open","ping_status":"open","sticky":false,"template":"","format":"standard","meta":{"footnotes":""},"categories":[36],"tags":[],"class_list":["post-13761","post","type-post","status-publish","format-standard","has-post-thumbnail","hentry","category-nacionales"],"_links":{"self":[{"href":"https:\/\/alminutonoticia.com\/noticias\/wp-json\/wp\/v2\/posts\/13761","targetHints":{"allow":["GET"]}}],"collection":[{"href":"https:\/\/alminutonoticia.com\/noticias\/wp-json\/wp\/v2\/posts"}],"about":[{"href":"https:\/\/alminutonoticia.com\/noticias\/wp-json\/wp\/v2\/types\/post"}],"author":[{"embeddable":true,"href":"https:\/\/alminutonoticia.com\/noticias\/wp-json\/wp\/v2\/users\/3"}],"replies":[{"embeddable":true,"href":"https:\/\/alminutonoticia.com\/noticias\/wp-json\/wp\/v2\/comments?post=13761"}],"version-history":[{"count":1,"href":"https:\/\/alminutonoticia.com\/noticias\/wp-json\/wp\/v2\/posts\/13761\/revisions"}],"predecessor-version":[{"id":13763,"href":"https:\/\/alminutonoticia.com\/noticias\/wp-json\/wp\/v2\/posts\/13761\/revisions\/13763"}],"wp:featuredmedia":[{"embeddable":true,"href":"https:\/\/alminutonoticia.com\/noticias\/wp-json\/wp\/v2\/media\/13762"}],"wp:attachment":[{"href":"https:\/\/alminutonoticia.com\/noticias\/wp-json\/wp\/v2\/media?parent=13761"}],"wp:term":[{"taxonomy":"category","embeddable":true,"href":"https:\/\/alminutonoticia.com\/noticias\/wp-json\/wp\/v2\/categories?post=13761"},{"taxonomy":"post_tag","embeddable":true,"href":"https:\/\/alminutonoticia.com\/noticias\/wp-json\/wp\/v2\/tags?post=13761"}],"curies":[{"name":"wp","href":"https:\/\/api.w.org\/{rel}","templated":true}]}}